{"id":9997,"date":"2023-01-10T13:24:07","date_gmt":"2023-01-10T13:24:07","guid":{"rendered":"https:\/\/www.ra-vsz.hr\/?p=9997"},"modified":"2023-01-12T17:34:29","modified_gmt":"2023-01-12T17:34:29","slug":"urbact-poziv-za-mreze-za-planiranje-aktivnosti","status":"publish","type":"post","link":"https:\/\/www.ra-vsz.hr\/en\/urbact-poziv-za-mreze-za-planiranje-aktivnosti\/","title":{"rendered":"URBACT poziv za Mre\u017ee za planiranje aktivnosti"},"content":{"rendered":"<p>Otvoren je prvi URBACT IV poziv za&nbsp;<strong>Mre\u017ee za planiranje aktivnosti<\/strong>.Glavni cilj poziva je pobolj\u0161ati sposobnost gradova za upravljanje odr\u017eivom urbanom politikom, odnosno pobolj\u0161anje kapaciteta integriranog projektiranja urbanisti\u010dki akcijskih planova u gradovima.<\/p>\n\n\n\n<p>Od&nbsp;<strong>Mre\u017ea za planiranje aktivnosti<\/strong>&nbsp;o\u010dekuje se podr\u0161ka organiziranom procesu razmjene i u\u010denja me\u0111u partnerima s ciljem pobolj\u0161anja lokalnih politika kroz konkretno akcijsko planiranje. Sudjeluju\u0107i u Mre\u017ei za planiranje aktivnosti, gradovi razmjenjuju konkretne politi\u010dke izazove i razmjenjuju iskustva, probleme i mogu\u0107a rje\u0161enja, generiraju nove ideje za rje\u0161avanje izazova vezano uz integrirani odr\u017eivi urbani razvoj.<\/p>\n\n\n\n<p>Glavni korisnici&nbsp;<strong>Mre\u017ee za planiranje aktivnosti<\/strong>&nbsp;bit \u0107e&nbsp;<strong>gradovi&nbsp;<\/strong>iz&nbsp;<strong>27 dr\u017eava \u010dlanica EU-a<\/strong>, Norve\u0161ka, \u0160vicarska, kao i zemlje IPA-e.<\/p>\n\n\n\n<p>Vrsta korisnika &#8220;grad&#8221; odnosi se na&nbsp;<strong>javno lokalno tijelo<\/strong>&nbsp;koje predstavljaju:<\/p>\n\n\n\n<p>\u2022&nbsp;<strong>gradovi, op\u0107ine, mjesta<\/strong><\/p>\n\n\n\n<p>\u2022 lokalne agencije definirane kao javne ili polujavne organizacije koje osniva grad<\/p>\n\n\n\n<p>\u2022 razine vlasti kao \u0161to su gradske \u010detvrti i op\u0107ine<\/p>\n\n\n\n<p>\u2022 organizirane aglomeracije.<\/p>\n\n\n\n<p>Ne postoji ograni\u010denje broja stanovnika za gradove koji \u017eele sudjelovati u aktivnostima URBACT-a. Posebno se podr\u017eavaju gradske vlasti od susjedstva do razine funkcionalnog urbanog podru\u010dja ovisno o obra\u0111enoj temi i utjecaju koji se mo\u017ee ostvariti. To uklju\u010duje<strong>&nbsp;veze izme\u0111u urbanog i ruralnog podru\u010dja i prekograni\u010dna funkcionalna urbana podru\u010dja<\/strong>.<\/p>\n\n\n\n<p>U slu\u010daju Mre\u017ea za planiranje aktivnosti, ostali&nbsp;<strong>prihvatljivi korisnici<\/strong>:<\/p>\n\n\n\n<p>\u2022 pokrajinske, regionalne i nacionalne vlasti, \u0161to se ti\u010de urbanih pitanja<\/p>\n\n\n\n<p>\u2022 sveu\u010dili\u0161ta i istra\u017eiva\u010dki centri, \u0161to se ti\u010de urbanih pitanja<\/p>\n\n\n\n<p>\u2022 upravlja\u010dka tijela kohezijske politike i EU fondova solidarnosti.<\/p>\n\n\n\n<p>Da bi bili prihvatljivi, partneri koji nisu gradovi moraju biti javna tijela ili ekvivalentna javna tijela.<\/p>\n\n\n\n<p>Akcijsko planiranje mre\u017ee uklju\u010duje&nbsp;<strong>pet ciljeva<\/strong>:<\/p>\n\n\n\n<p>1. konkurentniju i pametniju Europu promicanjem inovativne i pametne ekonomije transformacije i regionalne ICT povezanosti<\/p>\n\n\n\n<p>2. zeleniju i otpornu Europu<\/p>\n\n\n\n<p>3. povezaniju Europu pove\u0107anjem mobilnosti<\/p>\n\n\n\n<p>4. dru\u0161tveniju i uklju\u010diviju Europu koja provodi europski stup socijalnih prava<\/p>\n\n\n\n<p>5. Europu koja je bli\u017ea gra\u0111anima poticanjem odr\u017eivog i integriranog razvoja svih vrsta teritorija i lokalne inicijative.<\/p>\n\n\n\n<p>Za podno\u0161enje prijave uspostavlja se punopravno&nbsp;<strong>partnerstvo<\/strong>&nbsp;koje mora uklju\u010divati najmanje&nbsp;<strong>8<\/strong>, a najvi\u0161e&nbsp;<strong>10 partnera<\/strong>&nbsp;iz zemalja koje ispunjavaju uvjete.<\/p>\n\n\n\n<p>Rok prijave na poziv do<strong>&nbsp;31.o\u017eujka 2023.&nbsp;godine&nbsp;<\/strong>do 15:00CEST.<\/p>\n\n\n\n<p>Maksimalni ukupni prihvatljivi prora\u010dun za&nbsp;<strong>Mre\u017eu za planiranje aktivnosti<\/strong>&nbsp;bit \u0107e&nbsp;<strong>850 000 EUR.<\/strong><\/p>\n\n\n\n<p><a href=\"https:\/\/urbact.eu\/sites\/default\/files\/2023-01\/INFOGRAPHIC%20call%20for%20networks%20CROATIAN.pdf\" target=\"_blank\" rel=\"noreferrer noopener\">INFOGRAFI\u010cKI poziv za mre\u017ee HRT.pdf<\/a><\/p>\n\n\n\n<p><a href=\"https:\/\/urbact.eu\/sites\/default\/files\/2023-01\/apntor.pdf\" target=\"_blank\" rel=\"noreferrer noopener\">Dokument poziva<\/a><\/p>\n\n\n\n<p><a href=\"https:\/\/urbact.eu\/sites\/default\/files\/2023-01\/Guide%20for%20applicants.pdf\" target=\"_blank\" rel=\"noreferrer noopener\">Vodi\u010d za pristupnike.pdf<\/a><\/p>\n\n\n\n<p><a href=\"https:\/\/urbact.eu\/get-involved\" target=\"_blank\" rel=\"noreferrer noopener\">Vi\u0161e informacija<\/a><\/p>","protected":false},"excerpt":{"rendered":"<p>Otvoren je prvi URBACT IV poziv za&nbsp;Mre\u017ee za planiranje aktivnosti.Glavni cilj poziva je pobolj\u0161ati sposobnost gradova za upravljanje odr\u017eivom urbanom politikom, odnosno pobolj\u0161anje kapaciteta integriranog projektiranja urbanisti\u010dki akcijskih planova u gradovima. Od&nbsp;Mre\u017ea za planiranje aktivnosti&nbsp;o\u010dekuje se podr\u0161ka organiziranom procesu razmjene i u\u010denja me\u0111u partnerima s ciljem pobolj\u0161anja lokalnih politika kroz konkretno akcijsko planiranje. Sudjeluju\u0107i u [&hellip;]<\/p>","protected":false},"author":1,"featured_media":9998,"comment_status":"closed","ping_status":"open","sticky":false,"template":"","format":"standard","meta":{"_et_pb_use_builder":"off","_et_pb_old_content":"","_et_gb_content_width":"","footnotes":""},"categories":[4],"tags":[],"class_list":["post-9997","post","type-post","status-publish","format-standard","has-post-thumbnail","hentry","category-vijesti"],"_links":{"self":[{"href":"https:\/\/www.ra-vsz.hr\/en\/wp-json\/wp\/v2\/posts\/9997","targetHints":{"allow":["GET"]}}],"collection":[{"href":"https:\/\/www.ra-vsz.hr\/en\/wp-json\/wp\/v2\/posts"}],"about":[{"href":"https:\/\/www.ra-vsz.hr\/en\/wp-json\/wp\/v2\/types\/post"}],"author":[{"embeddable":true,"href":"https:\/\/www.ra-vsz.hr\/en\/wp-json\/wp\/v2\/users\/1"}],"replies":[{"embeddable":true,"href":"https:\/\/www.ra-vsz.hr\/en\/wp-json\/wp\/v2\/comments?post=9997"}],"version-history":[{"count":3,"href":"https:\/\/www.ra-vsz.hr\/en\/wp-json\/wp\/v2\/posts\/9997\/revisions"}],"predecessor-version":[{"id":10084,"href":"https:\/\/www.ra-vsz.hr\/en\/wp-json\/wp\/v2\/posts\/9997\/revisions\/10084"}],"wp:featuredmedia":[{"embeddable":true,"href":"https:\/\/www.ra-vsz.hr\/en\/wp-json\/wp\/v2\/media\/9998"}],"wp:attachment":[{"href":"https:\/\/www.ra-vsz.hr\/en\/wp-json\/wp\/v2\/media?parent=9997"}],"wp:term":[{"taxonomy":"category","embeddable":true,"href":"https:\/\/www.ra-vsz.hr\/en\/wp-json\/wp\/v2\/categories?post=9997"},{"taxonomy":"post_tag","embeddable":true,"href":"https:\/\/www.ra-vsz.hr\/en\/wp-json\/wp\/v2\/tags?post=9997"}],"curies":[{"name":"wp","href":"https:\/\/api.w.org\/{rel}","templated":true}]}}