{"id":9994,"date":"2023-01-10T13:16:01","date_gmt":"2023-01-10T13:16:01","guid":{"rendered":"https:\/\/www.ra-vsz.hr\/?p=9994"},"modified":"2023-01-12T17:34:47","modified_gmt":"2023-01-12T17:34:47","slug":"otvoren-poziv-na-prijavu-za-nagradu-za-krajolik-vijeca-europe","status":"publish","type":"post","link":"https:\/\/www.ra-vsz.hr\/en\/otvoren-poziv-na-prijavu-za-nagradu-za-krajolik-vijeca-europe\/","title":{"rendered":"Otvoren poziv na prijavu za Nagradu za krajolik Vije\u0107a Europe"},"content":{"rendered":"<p>Ministarstvo kulture i medija poziva lokalne i regionalne vlasti te nevladine organizacije da dostave prijedloge kandidatura za 8. Nagradu za krajolik Vije\u0107a Europe (2022.-2023.), sukladno \u010dlanstvu Republike Hrvatske u Vije\u0107u Europe i aktivnostima Vije\u0107a Europe u podru\u010dju ljudskih prava, demokracije i odr\u017eivog razvitka, u promicanju teritorijalnih dimenzija ljudskih prava i demokracije, daju\u0107i zna\u010daj mjerama koje se poduzimaju kako bi krajolik osigurao uvjete za \u017eivot ljudi, uzimaju\u0107i u obzir vrijednost krajolika, s prirodnim i ljudskim komponentama, kao va\u017ean dio kvalitete \u017eivota za ljude posvuda: u degradiranim podru\u010djima kao i u podru\u010djima visoke kvalitete koja su prepoznata kao podru\u010dja iznimne ljepote.<\/p>\n\n\n\n<p>Prijedloge za kandidaturu potrebno je dostaviti Ministarstvu kulture i medija do 15. sije\u010dnja 2023. kako bi se prijedlozi razmotrili te sukladno proceduri, kandidatura uputila putem Stalnog predstavni\u0161tva Republike Hrvatske, Tajni\u0161tvu Vije\u0107a Europe.<\/p>\n\n\n\n<p>Vi\u0161e o pozivu mo\u017eete prona\u0107i na <a href=\"https:\/\/www.coe.int\/en\/web\/landscape\/home\" target=\"_blank\" rel=\"noopener\">poveznici<\/a>.<\/p>","protected":false},"excerpt":{"rendered":"<p>Ministarstvo kulture i medija poziva lokalne i regionalne vlasti te nevladine organizacije da dostave prijedloge kandidatura za 8. Nagradu za krajolik Vije\u0107a Europe (2022.-2023.), sukladno \u010dlanstvu Republike Hrvatske u Vije\u0107u Europe i aktivnostima Vije\u0107a Europe u podru\u010dju ljudskih prava, demokracije i odr\u017eivog razvitka, u promicanju teritorijalnih dimenzija ljudskih prava i demokracije, daju\u0107i zna\u010daj mjerama koje [&hellip;]<\/p>","protected":false},"author":1,"featured_media":9995,"comment_status":"closed","ping_status":"open","sticky":false,"template":"","format":"standard","meta":{"_et_pb_use_builder":"off","_et_pb_old_content":"","_et_gb_content_width":"","footnotes":""},"categories":[4],"tags":[],"class_list":["post-9994","post","type-post","status-publish","format-standard","has-post-thumbnail","hentry","category-vijesti"],"_links":{"self":[{"href":"https:\/\/www.ra-vsz.hr\/en\/wp-json\/wp\/v2\/posts\/9994","targetHints":{"allow":["GET"]}}],"collection":[{"href":"https:\/\/www.ra-vsz.hr\/en\/wp-json\/wp\/v2\/posts"}],"about":[{"href":"https:\/\/www.ra-vsz.hr\/en\/wp-json\/wp\/v2\/types\/post"}],"author":[{"embeddable":true,"href":"https:\/\/www.ra-vsz.hr\/en\/wp-json\/wp\/v2\/users\/1"}],"replies":[{"embeddable":true,"href":"https:\/\/www.ra-vsz.hr\/en\/wp-json\/wp\/v2\/comments?post=9994"}],"version-history":[{"count":3,"href":"https:\/\/www.ra-vsz.hr\/en\/wp-json\/wp\/v2\/posts\/9994\/revisions"}],"predecessor-version":[{"id":10085,"href":"https:\/\/www.ra-vsz.hr\/en\/wp-json\/wp\/v2\/posts\/9994\/revisions\/10085"}],"wp:featuredmedia":[{"embeddable":true,"href":"https:\/\/www.ra-vsz.hr\/en\/wp-json\/wp\/v2\/media\/9995"}],"wp:attachment":[{"href":"https:\/\/www.ra-vsz.hr\/en\/wp-json\/wp\/v2\/media?parent=9994"}],"wp:term":[{"taxonomy":"category","embeddable":true,"href":"https:\/\/www.ra-vsz.hr\/en\/wp-json\/wp\/v2\/categories?post=9994"},{"taxonomy":"post_tag","embeddable":true,"href":"https:\/\/www.ra-vsz.hr\/en\/wp-json\/wp\/v2\/tags?post=9994"}],"curies":[{"name":"wp","href":"https:\/\/api.w.org\/{rel}","templated":true}]}}