{"id":9766,"date":"2022-12-19T12:31:08","date_gmt":"2022-12-19T12:31:08","guid":{"rendered":"https:\/\/www.ra-vsz.hr\/?p=9766"},"modified":"2023-01-01T15:26:02","modified_gmt":"2023-01-01T15:26:02","slug":"novi-europski-bauhaus-mogucnosti-financiranja-2023-2024","status":"publish","type":"post","link":"https:\/\/www.ra-vsz.hr\/en\/novi-europski-bauhaus-mogucnosti-financiranja-2023-2024\/","title":{"rendered":"Novi europski Bauhaus \u2013 Mogu\u0107nosti financiranja 2023.-2024."},"content":{"rendered":"[et_pb_section admin_label=&#8221;section&#8221;]\n\t\t\t[et_pb_row admin_label=&#8221;row&#8221;]\n\t\t\t\t[et_pb_column type=&#8221;4_4&#8243;][et_pb_text admin_label=&#8221;Text&#8221;]\n<figure class=\"wp-block-image size-full\"><img loading=\"lazy\" decoding=\"async\" width=\"202\" height=\"80\" src=\"https:\/\/www.ra-vsz.hr\/wp-content\/uploads\/2022\/12\/bauhaus.png\" alt=\"\" class=\"wp-image-9764\"\/><\/figure>\n\n\n\n<p><strong>Novi europski Bauhaus (NEB)<\/strong>&nbsp;je kreativna i interdisciplinarna inicijativa koja povezuje&nbsp;<a href=\"https:\/\/ec.europa.eu\/info\/strategy\/priorities-2019-2024\/european-green-deal_en\" target=\"_blank\" rel=\"noreferrer noopener\"><strong>Europski zeleni&nbsp;<\/strong><\/a><strong>plan&nbsp;<\/strong>&nbsp;s na\u0161im \u017eivotnim prostorima i iskustvima.<\/p>\n\n\n\n<p><strong>Inicijativa NEB&nbsp;<\/strong>podr\u017eana je kombinacijom razli\u010ditih financijskih instrumenata EU-a, a predstavlja okvir potpore i mogu\u0107nosti financiranja sredstvima EU-a za lijepe, odr\u017eive i uklju\u010dive projekte.<\/p>\n\n\n\n<p>Pozivi su koncipirani u okviru tri stupa, ovisno o u\u010dinku predvi\u0111anja:<\/p>\n\n\n\n<ul class=\"wp-block-list\">\n<li><a href=\"https:\/\/new-european-bauhaus.europa.eu\/get-involved\/funding-opportunities\/transformation-places-ground-calls-2023-2024_en\" target=\"_blank\" rel=\"noreferrer noopener\"><strong>Mobilizacija programa EU-a za preobrazbu mjesta na terenu (2023.\u20132024.)<\/strong><\/a><br>Poziva na podno\u0161enje prijedloga usmjerenih na podupiranje konkretne preobrazbe izgra\u0111enog okoli\u0161a i povezanog na\u010dina \u017eivota na lokalnoj razini.<\/li>\n\n\n\n<li><a href=\"https:\/\/new-european-bauhaus.europa.eu\/get-involved\/funding-opportunities\/transformation-enabling-environment-innovation-calls-2023-2024_en\" target=\"_blank\" rel=\"noreferrer noopener\"><strong>Mobilizacija programa EU-a za preobrazbu poticajnog okru\u017eenja za inovacije (2023. \u2013 2024.)<\/strong><\/a><strong><br><\/strong>Poziva se na podno\u0161enje prijedloga usmjerenih na podupiranje inovacija usmjerenih na integraciju odr\u017eivosti, uklju\u010divanje i estetiku u nova rje\u0161enja i proizvode.<\/li>\n\n\n\n<li><a href=\"https:\/\/new-european-bauhaus.europa.eu\/get-involved\/funding-opportunities\/diffusion-new-meanings-calls-2023-2024_en\" target=\"_blank\" rel=\"noreferrer noopener\"><strong>Mobilizacija programa EU-a za \u0161irenje novih zna\u010denja (2023.\u20132024.)<\/strong><\/a><br>Potpuno posve\u0107en ili doprinos Novom europskom Bauhausu poziva na dostavu prijedloga \u010diji je cilj olak\u0161ati proces propitivanja na\u0161ih perspektiva i na\u010dina razmi\u0161ljanja o vrijednostima estetike, odr\u017eivosti i uklju\u010denosti.<\/li>\n<\/ul>\n\n\n\n<p>Informacije o svakom pozivu uklju\u010duju datume poziva, prora\u010dun, podobnost i poveznice na daljnje informacije.<\/p>\n\n\n\n<p>Dodatne informacije i pregled dostupne podr\u0161ke za razdoblje 2023. \u2013 2024. mo\u017eete potra\u017eiti na&nbsp;<a href=\"https:\/\/new-european-bauhaus.europa.eu\/get-involved\/funding-opportunities_en\" target=\"_blank\" rel=\"noreferrer noopener\">internetskim stranicama NEB-a.<\/a><\/p>\n[\/et_pb_text][\/et_pb_column]\n\t\t\t[\/et_pb_row]\n\t\t[\/et_pb_section]","protected":false},"excerpt":{"rendered":"<p>Novi europski Bauhaus (NEB)&nbsp;je kreativna i interdisciplinarna inicijativa koja povezuje&nbsp;Europski zeleni&nbsp;plan&nbsp;&nbsp;s na\u0161im \u017eivotnim prostorima i iskustvima. Inicijativa NEB&nbsp;podr\u017eana je kombinacijom razli\u010ditih financijskih instrumenata EU-a, a predstavlja okvir potpore i mogu\u0107nosti financiranja sredstvima EU-a za lijepe, odr\u017eive i uklju\u010dive projekte. Pozivi su koncipirani u okviru tri stupa, ovisno o u\u010dinku predvi\u0111anja: Mobilizacija programa EU-a za preobrazbu [&hellip;]<\/p>","protected":false},"author":1,"featured_media":9764,"comment_status":"closed","ping_status":"open","sticky":false,"template":"","format":"standard","meta":{"_et_pb_use_builder":"on","_et_pb_old_content":"<!-- wp:image {\"id\":9764,\"sizeSlug\":\"full\",\"linkDestination\":\"none\"} -->\n<figure class=\"wp-block-image size-full\"><img src=\"https:\/\/www.ra-vsz.hr\/wp-content\/uploads\/2022\/12\/bauhaus.png\" alt=\"\" class=\"wp-image-9764\"\/><\/figure>\n<!-- \/wp:image -->\n\n<!-- wp:paragraph -->\n<p><strong>Novi europski Bauhaus (NEB)<\/strong>&nbsp;je kreativna i interdisciplinarna inicijativa koja povezuje&nbsp;<a href=\"https:\/\/ec.europa.eu\/info\/strategy\/priorities-2019-2024\/european-green-deal_en\" target=\"_blank\" rel=\"noreferrer noopener\"><strong>Europski zeleni&nbsp;<\/strong><\/a><strong>plan&nbsp;<\/strong>&nbsp;s na\u0161im \u017eivotnim prostorima i iskustvima.<\/p>\n<!-- \/wp:paragraph -->\n\n<!-- wp:paragraph -->\n<p><strong>Inicijativa NEB&nbsp;<\/strong>podr\u017eana je kombinacijom razli\u010ditih financijskih instrumenata EU-a, a predstavlja okvir potpore i mogu\u0107nosti financiranja sredstvima EU-a za lijepe, odr\u017eive i uklju\u010dive projekte.<\/p>\n<!-- \/wp:paragraph -->\n\n<!-- wp:paragraph -->\n<p>Pozivi su koncipirani u okviru tri stupa, ovisno o u\u010dinku predvi\u0111anja:<\/p>\n<!-- \/wp:paragraph -->\n\n<!-- wp:list -->\n<ul><!-- wp:list-item -->\n<li><a href=\"https:\/\/new-european-bauhaus.europa.eu\/get-involved\/funding-opportunities\/transformation-places-ground-calls-2023-2024_en\" target=\"_blank\" rel=\"noreferrer noopener\"><strong>Mobilizacija programa EU-a za preobrazbu mjesta na terenu (2023.\u20132024.)<\/strong><\/a><br>Poziva na podno\u0161enje prijedloga usmjerenih na podupiranje konkretne preobrazbe izgra\u0111enog okoli\u0161a i povezanog na\u010dina \u017eivota na lokalnoj razini.<\/li>\n<!-- \/wp:list-item -->\n\n<!-- wp:list-item -->\n<li><a href=\"https:\/\/new-european-bauhaus.europa.eu\/get-involved\/funding-opportunities\/transformation-enabling-environment-innovation-calls-2023-2024_en\" target=\"_blank\" rel=\"noreferrer noopener\"><strong>Mobilizacija programa EU-a za preobrazbu poticajnog okru\u017eenja za inovacije (2023. \u2013 2024.)<\/strong><\/a><strong><br><\/strong>Poziva se na podno\u0161enje prijedloga usmjerenih na podupiranje inovacija usmjerenih na integraciju odr\u017eivosti, uklju\u010divanje i estetiku u nova rje\u0161enja i proizvode.<\/li>\n<!-- \/wp:list-item -->\n\n<!-- wp:list-item -->\n<li><a href=\"https:\/\/new-european-bauhaus.europa.eu\/get-involved\/funding-opportunities\/diffusion-new-meanings-calls-2023-2024_en\" target=\"_blank\" rel=\"noreferrer noopener\"><strong>Mobilizacija programa EU-a za \u0161irenje novih zna\u010denja (2023.\u20132024.)<\/strong><\/a><br>Potpuno posve\u0107en ili doprinos Novom europskom Bauhausu poziva na dostavu prijedloga \u010diji je cilj olak\u0161ati proces propitivanja na\u0161ih perspektiva i na\u010dina razmi\u0161ljanja o vrijednostima estetike, odr\u017eivosti i uklju\u010denosti.<\/li>\n<!-- \/wp:list-item --><\/ul>\n<!-- \/wp:list -->\n\n<!-- wp:paragraph -->\n<p>Informacije o svakom pozivu uklju\u010duju datume poziva, prora\u010dun, podobnost i poveznice na daljnje informacije.<\/p>\n<!-- \/wp:paragraph -->\n\n<!-- wp:paragraph -->\n<p>Dodatne informacije i pregled dostupne podr\u0161ke za razdoblje 2023. \u2013 2024. mo\u017eete potra\u017eiti na&nbsp;<a href=\"https:\/\/new-european-bauhaus.europa.eu\/get-involved\/funding-opportunities_en\" target=\"_blank\" rel=\"noreferrer noopener\">internetskim stranicama NEB-a.<\/a><\/p>\n<!-- \/wp:paragraph -->","_et_gb_content_width":"","footnotes":""},"categories":[4],"tags":[],"class_list":["post-9766","post","type-post","status-publish","format-standard","has-post-thumbnail","hentry","category-vijesti"],"_links":{"self":[{"href":"https:\/\/www.ra-vsz.hr\/en\/wp-json\/wp\/v2\/posts\/9766","targetHints":{"allow":["GET"]}}],"collection":[{"href":"https:\/\/www.ra-vsz.hr\/en\/wp-json\/wp\/v2\/posts"}],"about":[{"href":"https:\/\/www.ra-vsz.hr\/en\/wp-json\/wp\/v2\/types\/post"}],"author":[{"embeddable":true,"href":"https:\/\/www.ra-vsz.hr\/en\/wp-json\/wp\/v2\/users\/1"}],"replies":[{"embeddable":true,"href":"https:\/\/www.ra-vsz.hr\/en\/wp-json\/wp\/v2\/comments?post=9766"}],"version-history":[{"count":3,"href":"https:\/\/www.ra-vsz.hr\/en\/wp-json\/wp\/v2\/posts\/9766\/revisions"}],"predecessor-version":[{"id":9896,"href":"https:\/\/www.ra-vsz.hr\/en\/wp-json\/wp\/v2\/posts\/9766\/revisions\/9896"}],"wp:featuredmedia":[{"embeddable":true,"href":"https:\/\/www.ra-vsz.hr\/en\/wp-json\/wp\/v2\/media\/9764"}],"wp:attachment":[{"href":"https:\/\/www.ra-vsz.hr\/en\/wp-json\/wp\/v2\/media?parent=9766"}],"wp:term":[{"taxonomy":"category","embeddable":true,"href":"https:\/\/www.ra-vsz.hr\/en\/wp-json\/wp\/v2\/categories?post=9766"},{"taxonomy":"post_tag","embeddable":true,"href":"https:\/\/www.ra-vsz.hr\/en\/wp-json\/wp\/v2\/tags?post=9766"}],"curies":[{"name":"wp","href":"https:\/\/api.w.org\/{rel}","templated":true}]}}