{"id":8612,"date":"2022-07-20T10:16:23","date_gmt":"2022-07-20T08:16:23","guid":{"rendered":"https:\/\/www.ra-vsz.hr\/?p=8612"},"modified":"2023-02-12T17:32:43","modified_gmt":"2023-02-12T17:32:43","slug":"poziv-za-financiranje-projekata-u-sklopu-izvannastavnih-aktivnosti-osnovnih-i-srednjih-skola-te-ucenickih-domova-u-skolskoj-godini-2022-2023","status":"publish","type":"post","link":"https:\/\/www.ra-vsz.hr\/en\/poziv-za-financiranje-projekata-u-sklopu-izvannastavnih-aktivnosti-osnovnih-i-srednjih-skola-te-ucenickih-domova-u-skolskoj-godini-2022-2023\/","title":{"rendered":"Poziv za financiranje projekata u sklopu izvannastavnih aktivnosti osnovnih i srednjih \u0161kola te u\u010deni\u010dkih domova u \u0161kolskoj godini 2022.\/2023."},"content":{"rendered":"<p>Ministarstvo znanosti i obrazovanja je objavilo Poziv za financiranje projekata u sklopu izvannastavnih aktivnosti osnovnih i srednjih \u0161kola te u\u010deni\u010dkih domova u \u0161kolskoj godini 2022.\/2023.<\/p>\n<p>Svrha poziva je financijski poduprijeti provedbu projekata u sklopu izvannastavnih aktivnosti osnovnih i srednjih \u0161kola te u\u010deni\u010dkih domova u \u0161kolskoj godini 2022.\/2023. radi zadovoljavanja razli\u010ditih potreba u\u010denika, a u skladu s njihovim sklonostima, sposobnostima i interesima te poticanje razvoja dodatnih specifi\u010dnih oblika potpore u\u010denicima.<\/p>\n<p>Na ovaj poziv osnovne i srednje \u0161kole te u\u010deni\u010dki domovi mogu prijaviti projekte u sklopu izvannastavnih aktivnosti s ciljem razvoja u\u010deni\u010dkih kompetencija, vje\u0161tina, kreativnosti, samopouzdanja, asertivnosti i dr., i to uz:<\/p>\n<ul>\n<li>izradu multidisciplinarnih programa rada za u\u010denike<\/li>\n<li>osmi\u0161ljavanje i implementaciju novih metoda i oblika rada s u\u010denicima<\/li>\n<li>osmi\u0161ljavanje i provedbu istra\u017eiva\u010dkih projekata i projektnih zadataka<\/li>\n<li>osiguranje e-u\u010denja i kori\u0161tenja tehnologije koji omogu\u0107avaju pristup izvorima specifi\u010dnog znanja za u\u010denike<\/li>\n<li>suradnju odgojno-obrazovnih ustanova sa znanstvenim institucijama, istra\u017eiva\u010dkim centrima, javnim ustanovama i drugim pravnim i fizi\u010dkim subjektima koji ispunjavaju uvjete za rad s u\u010denicima (npr. udrugama)<\/li>\n<li>unaprje\u0111enje mentorskoga rada u\u010ditelja, nastavnika i stru\u010dnih suradnika s u\u010denicima.<\/li>\n<\/ul>\n<p>Projekti u sklopu izvannastavnih aktivnosti provode se tijekom \u0161kolske godine 2022.\/2023.<\/p>\n<p>Ministarstvo planira na temelju ovog poziva najboljim projektima dodijeliti\u00a03.400.000,00 kn\u00a0za projekte osnovnih \u0161kola i srednjih \u0161kola te u\u010deni\u010dkih domova.<\/p>\n<p>Svaka \u0161kola\/u\u010deni\u010dki dom mo\u017ee prijaviti projekte na propisanome obrascu, a najvi\u0161i zatra\u017eeni iznos za financiranje mo\u017ee biti\u00a0do 30.000,00 kn\u00a0ukupno.<\/p>\n<p>Ukupni zatra\u017eeni iznos preporu\u010duje se rasporediti za:<\/p>\n<ul>\n<li>materijalne tro\u0161kove za provedbu izvannastavnih aktivnosti<\/li>\n<li>edukaciju u\u010ditelja\/nastavnika\/stru\u010dnih suradnika \u0161kole\/u\u010deni\u010dkog doma<\/li>\n<li>ostale tro\u0161kove povezane s provedbom izvannastavnih aktivnosti (honorari i dnevnice nisu prihvatljivi dio tro\u0161kova).<\/li>\n<\/ul>\n<p>Rok za podno\u0161enje prijava je 30. rujna 2022. godine.<\/p>\n<p>Vi\u0161e informacija na sljede\u0107oj <a href=\"https:\/\/mzo.gov.hr\/istaknute-teme\/natjecaji-196\/poziv-za-financiranje-projekata-u-sklopu-izvannastavnih-aktivnosti-osnovnih-i-srednjih-skola-te-ucenickih-domova-u-skolskoj-godini-2022-2023\/5011\" target=\"_blank\" rel=\"noopener\">poveznici<\/a>.<\/p>","protected":false},"excerpt":{"rendered":"<p>Ministarstvo znanosti i obrazovanja je objavilo Poziv za financiranje projekata u sklopu izvannastavnih aktivnosti osnovnih i srednjih \u0161kola te u\u010deni\u010dkih domova u \u0161kolskoj godini 2022.\/2023. Svrha poziva je financijski poduprijeti provedbu projekata u sklopu izvannastavnih aktivnosti osnovnih i srednjih \u0161kola te u\u010deni\u010dkih domova u \u0161kolskoj godini 2022.\/2023. radi zadovoljavanja razli\u010ditih potreba u\u010denika, a u skladu [&hellip;]<\/p>","protected":false},"author":2,"featured_media":8613,"comment_status":"closed","ping_status":"closed","sticky":false,"template":"","format":"standard","meta":{"_et_pb_use_builder":"","_et_pb_old_content":"","_et_gb_content_width":"","footnotes":""},"categories":[4],"tags":[],"class_list":["post-8612","post","type-post","status-publish","format-standard","has-post-thumbnail","hentry","category-vijesti"],"_links":{"self":[{"href":"https:\/\/www.ra-vsz.hr\/en\/wp-json\/wp\/v2\/posts\/8612","targetHints":{"allow":["GET"]}}],"collection":[{"href":"https:\/\/www.ra-vsz.hr\/en\/wp-json\/wp\/v2\/posts"}],"about":[{"href":"https:\/\/www.ra-vsz.hr\/en\/wp-json\/wp\/v2\/types\/post"}],"author":[{"embeddable":true,"href":"https:\/\/www.ra-vsz.hr\/en\/wp-json\/wp\/v2\/users\/2"}],"replies":[{"embeddable":true,"href":"https:\/\/www.ra-vsz.hr\/en\/wp-json\/wp\/v2\/comments?post=8612"}],"version-history":[{"count":1,"href":"https:\/\/www.ra-vsz.hr\/en\/wp-json\/wp\/v2\/posts\/8612\/revisions"}],"predecessor-version":[{"id":11174,"href":"https:\/\/www.ra-vsz.hr\/en\/wp-json\/wp\/v2\/posts\/8612\/revisions\/11174"}],"wp:featuredmedia":[{"embeddable":true,"href":"https:\/\/www.ra-vsz.hr\/en\/wp-json\/"}],"wp:attachment":[{"href":"https:\/\/www.ra-vsz.hr\/en\/wp-json\/wp\/v2\/media?parent=8612"}],"wp:term":[{"taxonomy":"category","embeddable":true,"href":"https:\/\/www.ra-vsz.hr\/en\/wp-json\/wp\/v2\/categories?post=8612"},{"taxonomy":"post_tag","embeddable":true,"href":"https:\/\/www.ra-vsz.hr\/en\/wp-json\/wp\/v2\/tags?post=8612"}],"curies":[{"name":"wp","href":"https:\/\/api.w.org\/{rel}","templated":true}]}}