{"id":8603,"date":"2022-07-20T10:13:30","date_gmt":"2022-07-20T08:13:30","guid":{"rendered":"https:\/\/www.ra-vsz.hr\/?p=8603"},"modified":"2023-02-12T17:31:21","modified_gmt":"2023-02-12T17:31:21","slug":"poziv-za-financiranje-preventivnih-projekata-osnovnih-i-srednjih-skola-te-ucenickih-domova-u-skolskoj-godini-2022-2023","status":"publish","type":"post","link":"https:\/\/www.ra-vsz.hr\/en\/poziv-za-financiranje-preventivnih-projekata-osnovnih-i-srednjih-skola-te-ucenickih-domova-u-skolskoj-godini-2022-2023\/","title":{"rendered":"Poziv za financiranje preventivnih projekata osnovnih i srednjih \u0161kola te u\u010deni\u010dkih domova u \u0161kolskoj godini 2022.\/2023."},"content":{"rendered":"<p>Ministarstvo znanosti i obrazovanja je objavilo Poziv za financiranje preventivnih projekata osnovnih i srednjih \u0161kola te u\u010deni\u010dkih domova u \u0161kolskoj godini 2022.\/2023.<\/p>\n<p>U svim odgojno-obrazovnim ustanovama izra\u0111uje se i provodi \u0160kolska preventivna strategija koja je dio godi\u0161njih planova i programa \u0161kola te je svrha poziva financijski poduprijeti provedbu preventivnih projekata u sklopu \u0160kolske preventivne strategije osnovnih i srednjih \u0161kola u \u0161kolskoj godini 2022.\/2023. Namjera poziva jest pobolj\u0161ati kvalitetu, odr\u017eivost i u\u010dinkovitost preventivnih intervencija koje se provode u sklopu odgojno-obrazovnog sustava prema preporukama utemeljenima na dokazima, a radi zadovoljavanja razli\u010ditih potreba u\u010denika te u skladu s njihovim sklonostima, sposobnostima i interesima, kao i poticanje razvoja dodatnih specifi\u010dnih oblika potpore u\u010denicima.<\/p>\n<p>Na ovaj poziv osnovne i srednje \u0161kole te u\u010deni\u010dki domovi mogu prijaviti preventivni projekt s ciljem razvoja socijalno-emocionalnih i \u017eivotnih vje\u0161tina koje \u0107e omogu\u0107iti u\u010denicima uspje\u0161no no\u0161enje s izazovima rasta, razvoja i odrastanja te ih pripremiti za budu\u0107e situacije u kojima \u0107e donositi zdrave i prosocijalne odluke i izbore te ih pripremiti za stvaranje i odr\u017eavanje pozitivnih odnosa s drugima i to uz:<\/p>\n<ul>\n<li>sveobuhvatan i strategijski pristup u provo\u0111enu aktivnosti \u0160kolske preventivne strategije<\/li>\n<li>ciljeve, aktivnosti, metode i sadr\u017eaj preventivnog projekta planiranog u odnosu na zna\u010dajke razvojne dobi, klju\u010dne razvojne zadatke te prema potrebama populacije s kojom se te aktivnosti planiraju provesti<\/li>\n<li>ja\u010danje socijalno-emocionalnih\/\u017eivotnih vje\u0161tina te provedba projekata pobolj\u0161anja razredne klime i osna\u017eivanje privr\u017eenosti \u0161koli<\/li>\n<li>interaktivne i raznolike metode u provo\u0111enju projekta te osmi\u0161ljavanje i implementaciju novih metoda i oblika rada s u\u010denicima<\/li>\n<li>osmi\u0161ljavanje i provedbu istra\u017eiva\u010dkih projekata i projektnih zadataka, projekata mentorstva i grupa potpore<\/li>\n<li>suradnju odgojno-obrazovnih ustanova s drugim odgojno-obrazovnim ustanovama, zdravstvenim i socijalnim ustanovama, policijom, stru\u010dnim i znanstvenim institucijama te drugim fizi\u010dkim i pravnim osobama koji ispunjavanju uvjete za preventivni rad s u\u010denicima<\/li>\n<li>unaprje\u0111enje mentorskoga rada u\u010ditelja, nastavnika i stru\u010dnih suradnika s u\u010denicima s problemima u pona\u0161anju.<\/li>\n<\/ul>\n<p>Aktivnosti u sklopu preventivnih projekata provode se tijekom \u0161kolske godine 2022.\/2023.<\/p>\n<p>Prioriteti ovog poziva su projekti usmjereni k prevenciji svih oblika neprihvatljivih pona\u0161anja i za\u0161tite mentalnog zdravlja u\u010denika. Prijavljeni projekt treba biti uskla\u0111en s Minimalnim standardima prevencije ovisnosti, Akcijskim planom prevencije nasilja te napisan sukladno preporukama Agencije za odgoj i obrazovanje koje se odnose na izradu \u0160kolske preventivne strategije\/\u0161kolskih preventivnih programa.<\/p>\n<p>Svaka \u0161kola mo\u017ee prijaviti jedan projekt na propisanome obrascu, a najvi\u0161i zatra\u017eeni iznos za financiranje mo\u017ee biti\u00a0do 30.000,00 kn.<\/p>\n<p>Ukupni zatra\u017eeni iznos preporu\u010duje se rasporediti za:<\/p>\n<ul>\n<li>materijalne tro\u0161kove za provedbu preventivnih projekata<\/li>\n<li>edukaciju u\u010ditelja\/nastavnika\/stru\u010dnih suradnika \u0161kole<\/li>\n<li>ostale tro\u0161kove povezane s provedbom projektnih aktivnosti.<\/li>\n<\/ul>\n<p>Rok za podno\u0161enje prijava je 22. rujna 2022. godine.<\/p>\n<p>Vi\u0161e informacija na sljede\u0107oj <a href=\"https:\/\/mzo.gov.hr\/istaknute-teme\/natjecaji-196\/poziv-za-financiranje-preventivnih-projekata-osnovnih-i-srednjih-skola-te-ucenickih-domova-u-skolskoj-godini-2022-2023\/5012\" target=\"_blank\" rel=\"noopener\">poveznici<\/a>.<\/p>","protected":false},"excerpt":{"rendered":"<p>Ministarstvo znanosti i obrazovanja je objavilo Poziv za financiranje preventivnih projekata osnovnih i srednjih \u0161kola te u\u010deni\u010dkih domova u \u0161kolskoj godini 2022.\/2023. U svim odgojno-obrazovnim ustanovama izra\u0111uje se i provodi \u0160kolska preventivna strategija koja je dio godi\u0161njih planova i programa \u0161kola te je svrha poziva financijski poduprijeti provedbu preventivnih projekata u sklopu \u0160kolske preventivne strategije [&hellip;]<\/p>","protected":false},"author":2,"featured_media":8604,"comment_status":"closed","ping_status":"closed","sticky":false,"template":"","format":"standard","meta":{"_et_pb_use_builder":"","_et_pb_old_content":"","_et_gb_content_width":"","footnotes":""},"categories":[4],"tags":[],"class_list":["post-8603","post","type-post","status-publish","format-standard","has-post-thumbnail","hentry","category-vijesti"],"_links":{"self":[{"href":"https:\/\/www.ra-vsz.hr\/en\/wp-json\/wp\/v2\/posts\/8603","targetHints":{"allow":["GET"]}}],"collection":[{"href":"https:\/\/www.ra-vsz.hr\/en\/wp-json\/wp\/v2\/posts"}],"about":[{"href":"https:\/\/www.ra-vsz.hr\/en\/wp-json\/wp\/v2\/types\/post"}],"author":[{"embeddable":true,"href":"https:\/\/www.ra-vsz.hr\/en\/wp-json\/wp\/v2\/users\/2"}],"replies":[{"embeddable":true,"href":"https:\/\/www.ra-vsz.hr\/en\/wp-json\/wp\/v2\/comments?post=8603"}],"version-history":[{"count":1,"href":"https:\/\/www.ra-vsz.hr\/en\/wp-json\/wp\/v2\/posts\/8603\/revisions"}],"predecessor-version":[{"id":11172,"href":"https:\/\/www.ra-vsz.hr\/en\/wp-json\/wp\/v2\/posts\/8603\/revisions\/11172"}],"wp:featuredmedia":[{"embeddable":true,"href":"https:\/\/www.ra-vsz.hr\/en\/wp-json\/"}],"wp:attachment":[{"href":"https:\/\/www.ra-vsz.hr\/en\/wp-json\/wp\/v2\/media?parent=8603"}],"wp:term":[{"taxonomy":"category","embeddable":true,"href":"https:\/\/www.ra-vsz.hr\/en\/wp-json\/wp\/v2\/categories?post=8603"},{"taxonomy":"post_tag","embeddable":true,"href":"https:\/\/www.ra-vsz.hr\/en\/wp-json\/wp\/v2\/tags?post=8603"}],"curies":[{"name":"wp","href":"https:\/\/api.w.org\/{rel}","templated":true}]}}