{"id":8593,"date":"2022-07-19T10:22:28","date_gmt":"2022-07-19T08:22:28","guid":{"rendered":"https:\/\/www.ra-vsz.hr\/?p=8593"},"modified":"2023-02-12T17:31:00","modified_gmt":"2023-02-12T17:31:00","slug":"poziv-za-sudjelovanje-na-school-on-participatory-democracy-tools-vijeca-europe","status":"publish","type":"post","link":"https:\/\/www.ra-vsz.hr\/en\/poziv-za-sudjelovanje-na-school-on-participatory-democracy-tools-vijeca-europe\/","title":{"rendered":"Poziv za sudjelovanje na &#8220;School on Participatory Democracy Tools&#8221; Vije\u0107a Europe"},"content":{"rendered":"<p>\u0160kolu o alatima participativne demokracije, koja \u0107e se odr\u017eati u Hrvatskoj, organizira Odjel za izbore i participativnu demokraciju Vije\u0107a Europe u suradnji sa Sveu\u010dili\u0161tem u Beogradu\/Srbija i Sveu\u010dili\u0161tem u Rijeci\/Hrvatska.<\/p>\n<p>Standarde i instrumente Vije\u0107a Europe o participativnoj demokraciji predstavit \u0107e me\u0111unarodni stru\u010dnjaci s dugogodi\u0161njim iskustvom u tom podru\u010dju.<\/p>\n<p>Bit \u0107e to interaktivni doga\u0111aj u\u010denja i razmjene o teoriji i praksi participativne demokracije za predstavnike lokalnih vlasti i civilnog dru\u0161tva iz Hrvatske, Srbije, Kosova, Crne Gore i Sjeverne Makedonije.<\/p>\n<p>Rok za prijavu je 7.kolovoza 2022., a iz svake dr\u017eave bit \u0107e izabrano 6 sudionika &#8211; po 3 iz organizacija civilnog dru\u0161tva i po 3 predstavnika dr\u017eavne uprave.<\/p>\n<p>Vi\u0161e saznajte na <a href=\"https:\/\/www.coe.int\/en\/web\/participatory-democracy\/-\/be-part-of-the-school-on-participatory-democracy-tools\" target=\"_blank\" rel=\"noopener\">poveznici.<\/a><\/p>","protected":false},"excerpt":{"rendered":"<p>\u0160kolu o alatima participativne demokracije, koja \u0107e se odr\u017eati u Hrvatskoj, organizira Odjel za izbore i participativnu demokraciju Vije\u0107a Europe u suradnji sa Sveu\u010dili\u0161tem u Beogradu\/Srbija i Sveu\u010dili\u0161tem u Rijeci\/Hrvatska. Standarde i instrumente Vije\u0107a Europe o participativnoj demokraciji predstavit \u0107e me\u0111unarodni stru\u010dnjaci s dugogodi\u0161njim iskustvom u tom podru\u010dju. Bit \u0107e to interaktivni doga\u0111aj u\u010denja i [&hellip;]<\/p>","protected":false},"author":2,"featured_media":8594,"comment_status":"closed","ping_status":"closed","sticky":false,"template":"","format":"standard","meta":{"_et_pb_use_builder":"","_et_pb_old_content":"","_et_gb_content_width":"","footnotes":""},"categories":[4],"tags":[],"class_list":["post-8593","post","type-post","status-publish","format-standard","has-post-thumbnail","hentry","category-vijesti"],"_links":{"self":[{"href":"https:\/\/www.ra-vsz.hr\/en\/wp-json\/wp\/v2\/posts\/8593","targetHints":{"allow":["GET"]}}],"collection":[{"href":"https:\/\/www.ra-vsz.hr\/en\/wp-json\/wp\/v2\/posts"}],"about":[{"href":"https:\/\/www.ra-vsz.hr\/en\/wp-json\/wp\/v2\/types\/post"}],"author":[{"embeddable":true,"href":"https:\/\/www.ra-vsz.hr\/en\/wp-json\/wp\/v2\/users\/2"}],"replies":[{"embeddable":true,"href":"https:\/\/www.ra-vsz.hr\/en\/wp-json\/wp\/v2\/comments?post=8593"}],"version-history":[{"count":1,"href":"https:\/\/www.ra-vsz.hr\/en\/wp-json\/wp\/v2\/posts\/8593\/revisions"}],"predecessor-version":[{"id":11170,"href":"https:\/\/www.ra-vsz.hr\/en\/wp-json\/wp\/v2\/posts\/8593\/revisions\/11170"}],"wp:featuredmedia":[{"embeddable":true,"href":"https:\/\/www.ra-vsz.hr\/en\/wp-json\/"}],"wp:attachment":[{"href":"https:\/\/www.ra-vsz.hr\/en\/wp-json\/wp\/v2\/media?parent=8593"}],"wp:term":[{"taxonomy":"category","embeddable":true,"href":"https:\/\/www.ra-vsz.hr\/en\/wp-json\/wp\/v2\/categories?post=8593"},{"taxonomy":"post_tag","embeddable":true,"href":"https:\/\/www.ra-vsz.hr\/en\/wp-json\/wp\/v2\/tags?post=8593"}],"curies":[{"name":"wp","href":"https:\/\/api.w.org\/{rel}","templated":true}]}}