{"id":8583,"date":"2022-07-18T13:21:31","date_gmt":"2022-07-18T11:21:31","guid":{"rendered":"https:\/\/www.ra-vsz.hr\/?p=8583"},"modified":"2023-02-12T17:30:45","modified_gmt":"2023-02-12T17:30:45","slug":"poziv-za-partnere-urbana-agenda-za-eu-partnerstva-za-ozelenjavanje-gradova-i-odrzivi-turizam","status":"publish","type":"post","link":"https:\/\/www.ra-vsz.hr\/en\/poziv-za-partnere-urbana-agenda-za-eu-partnerstva-za-ozelenjavanje-gradova-i-odrzivi-turizam\/","title":{"rendered":"Poziv za partnere: Urbana agenda za EU partnerstva za ozelenjavanje gradova i odr\u017eivi turizam"},"content":{"rendered":"<p>Poziv gradovima, dr\u017eavama \u010dlanicama, partnerskim dr\u017eavama, regijama, gradskim konzorcijima, nacionalnim gradskim krovnim organizacijama i drugim dionicima da formiraju dva nova tematska partnerstva u okviru Urbane agende za EU (UAEU): Odr\u017eivi turizam i Ozelenjavanje gradova.<\/p>\n<p><strong>O Urbanoj agendi za EU<\/strong><\/p>\n<p><a href=\"https:\/\/futurium.ec.europa.eu\/en\/urban-agenda\" target=\"_blank\" rel=\"noopener\">Urbana agenda za EU\u00a0<\/a>\u00a0(\u00a0\u00a0UAEU)\u00a0\u00a0bavi se urbanim izazovima uspostavljanjem partnerstava izme\u0111u gradova, Europske komisije, drugih institucija i tijela EU-a, nacionalnih vlada i drugih dionika poput nevladinih organizacija.<\/p>\n<p>Zajedno razvijaju akcijske planove:<\/p>\n<ul>\n<li>Unaprijediti postoje\u0107u regulativu s obzirom na urbana podru\u010dja i urbane izazove<\/li>\n<li>Podr\u017eati i unaprijediti inovativne i korisniku jednostavne izvore financiranja za urbana podru\u010dja<\/li>\n<li>Dijelite i razvijajte znanje (podaci, studije, dobre prakse).<\/li>\n<\/ul>\n<p>Urbana agenda je prethodno donijela 14 tematskih partnerstava, o\u00a0\u00a0urbanim temama, koje su navedene u\u00a0\u00a0<a href=\"https:\/\/ec.europa.eu\/regional_policy\/sources\/policy\/themes\/urban-development\/agenda\/pact-of-amsterdam.pdf\" target=\"_blank\" rel=\"noopener\">Amsterdamskom paktu\u00a0<\/a>.<\/p>\n<p>Obnavljanje Urbane agende za EU prema parametrima usvojenim\u00a0\u00a0<a href=\"https:\/\/ec.europa.eu\/regional_policy\/en\/information\/publications\/brochures\/2021\/ljubljana-agreement\" target=\"_blank\" rel=\"noopener\">Ljubljanskim sporazumom\u00a0<\/a>\u00a0u studenom 2021. predla\u017ee pokretanje dva nova tematska partnerstva 2022., jedno o odr\u017eivom turizmu i jedno o ozelenjavanju gradova.<\/p>\n<p><strong>O pozivu za partnere<\/strong><\/p>\n<p>Ovaj poziv prati\u00a0\u00a0<strong>Informativna bilje\u0161ka o pozivu za partnere<\/strong>, dostupna u nastavku, koja obja\u0161njava prihvatljive prijavitelje, postupak odabira i kriterije, kao i odgovornosti za svaku kategoriju partnera.\u00a0Tako\u0111er daje opis teme na koju \u0107e se partnerstvo usredoto\u010diti.<\/p>\n<p><strong>Prije podno\u0161enja prijave pogledajte sljede\u0107e dokumente.<\/strong><\/p>\n<p><a href=\"https:\/\/futurium.ec.europa.eu\/system\/files\/2022-07\/Info%20Note%20applicants_Greening%20cities.pdf\" target=\"_blank\" rel=\"noopener\">Greening Cities Info Napomena na poziv za partnere<\/a><\/p>\n<p><a href=\"https:\/\/futurium.ec.europa.eu\/system\/files\/2022-07\/Info%20Note%20applicants_Sustainable%20tourism.pdf\" target=\"_blank\" rel=\"noopener\">Informacije o odr\u017eivom turizmu na poziv za partnere<\/a><\/p>\n<p><strong>Kako se prijaviti<\/strong><\/p>\n<p>Gradovi, dr\u017eave \u010dlanice, partnerske dr\u017eave, regije, gradski konzorciji, nacionalne gradske krovne organizacije i drugi dionici koji su zainteresirani za pridru\u017eivanje jednom ili oba od dva nova tematska partnerstva o zelenim gradovima i odr\u017eivom turizmu mogu pokazati svoj interes\u00a0\u00a0<strong>podno\u0161enjem sljede\u0107e prijave\u00a0do 16. rujna 2022. u 18:00 (CET)<\/strong>\u00a0.<\/p>\n<ol>\n<li><a href=\"https:\/\/ec.europa.eu\/eusurvey\/runner\/UAEUGreeningCitiesTP2022\" target=\"_blank\" rel=\"noopener\">Prijava za tematsko partnerstvo o ozelenjavanju gradova<\/a><\/li>\n<li><a href=\"https:\/\/ec.europa.eu\/eusurvey\/runner\/UAEUSustainableTourismTP2022\" target=\"_blank\" rel=\"noopener\">Prijava za tematsko partnerstvo za odr\u017eivi turizam<\/a><\/li>\n<\/ol>","protected":false},"excerpt":{"rendered":"<p>Poziv gradovima, dr\u017eavama \u010dlanicama, partnerskim dr\u017eavama, regijama, gradskim konzorcijima, nacionalnim gradskim krovnim organizacijama i drugim dionicima da formiraju dva nova tematska partnerstva u okviru Urbane agende za EU (UAEU): Odr\u017eivi turizam i Ozelenjavanje gradova. O Urbanoj agendi za EU Urbana agenda za EU\u00a0\u00a0(\u00a0\u00a0UAEU)\u00a0\u00a0bavi se urbanim izazovima uspostavljanjem partnerstava izme\u0111u gradova, Europske komisije, drugih institucija i [&hellip;]<\/p>","protected":false},"author":2,"featured_media":8584,"comment_status":"closed","ping_status":"closed","sticky":false,"template":"","format":"standard","meta":{"_et_pb_use_builder":"","_et_pb_old_content":"","_et_gb_content_width":"","footnotes":""},"categories":[4],"tags":[],"class_list":["post-8583","post","type-post","status-publish","format-standard","has-post-thumbnail","hentry","category-vijesti"],"_links":{"self":[{"href":"https:\/\/www.ra-vsz.hr\/en\/wp-json\/wp\/v2\/posts\/8583","targetHints":{"allow":["GET"]}}],"collection":[{"href":"https:\/\/www.ra-vsz.hr\/en\/wp-json\/wp\/v2\/posts"}],"about":[{"href":"https:\/\/www.ra-vsz.hr\/en\/wp-json\/wp\/v2\/types\/post"}],"author":[{"embeddable":true,"href":"https:\/\/www.ra-vsz.hr\/en\/wp-json\/wp\/v2\/users\/2"}],"replies":[{"embeddable":true,"href":"https:\/\/www.ra-vsz.hr\/en\/wp-json\/wp\/v2\/comments?post=8583"}],"version-history":[{"count":1,"href":"https:\/\/www.ra-vsz.hr\/en\/wp-json\/wp\/v2\/posts\/8583\/revisions"}],"predecessor-version":[{"id":11169,"href":"https:\/\/www.ra-vsz.hr\/en\/wp-json\/wp\/v2\/posts\/8583\/revisions\/11169"}],"wp:featuredmedia":[{"embeddable":true,"href":"https:\/\/www.ra-vsz.hr\/en\/wp-json\/"}],"wp:attachment":[{"href":"https:\/\/www.ra-vsz.hr\/en\/wp-json\/wp\/v2\/media?parent=8583"}],"wp:term":[{"taxonomy":"category","embeddable":true,"href":"https:\/\/www.ra-vsz.hr\/en\/wp-json\/wp\/v2\/categories?post=8583"},{"taxonomy":"post_tag","embeddable":true,"href":"https:\/\/www.ra-vsz.hr\/en\/wp-json\/wp\/v2\/tags?post=8583"}],"curies":[{"name":"wp","href":"https:\/\/api.w.org\/{rel}","templated":true}]}}