{"id":8570,"date":"2022-07-14T13:59:00","date_gmt":"2022-07-14T11:59:00","guid":{"rendered":"https:\/\/www.ra-vsz.hr\/?p=8570"},"modified":"2023-02-12T17:30:31","modified_gmt":"2023-02-12T17:30:31","slug":"program-za-poboljsanje-infrastrukture-na-podrucjima-naseljenim-pripadnicima-nacionalnih-manjina-2","status":"publish","type":"post","link":"https:\/\/www.ra-vsz.hr\/en\/program-za-poboljsanje-infrastrukture-na-podrucjima-naseljenim-pripadnicima-nacionalnih-manjina-2\/","title":{"rendered":"Program za pobolj\u0161anje infrastrukture na podru\u010djima naseljenim pripadnicima nacionalnih manjina"},"content":{"rendered":"<p>Temeljem odluke Vlade Republike Hrvatske Ministarstvo regionalnoga razvoja i fondova Europske unije provodi Program za pobolj\u0161anje infrastrukture na podru\u010djima naseljenim pripadnicima nacionalnih manjina.<\/p>\n<p>Cilj Programa je pru\u017eanje pomo\u0107i razvoju lokalnih zajednica na kojima povijesno \u017eive i pripadnici nacionalnih manjina, a koja su demografski, ekonomski ili socijalno oslabljena i zna\u010dajno ispod prosjeka nacionalne razvijenosti. Program pru\u017ea pomo\u0107 u smislu pobolj\u0161anja dostupnosti lokalne infrastrukture te se njime zagovara pristup promicanja ravnopravnosti, nediskriminacije i odr\u017eivog razvoja te participativnog pristupa dionika \u0161ire lokalne zajednice.<\/p>\n<p>Korisnici Programa su jedinice lokalne samouprave koje su u skladu sa Zakonom o regionalnom razvoju Republike Hrvatske stekle status potpomognutog podru\u010dja i s udjelom vi\u0161im od 5% u stanovni\u0161tvu pripadnika nacionalnih manjina.<\/p>\n<p>Planirani iznos sredstava za Program je 27.000.000,00 kuna i raspodijelit \u0107e se jedinicama lokalne samouprave prema indeksu razvijenosti i to:<\/p>\n<p>\u2013\u00a0\u00a0\u00a0\u00a0\u00a0\u00a0\u00a0\u00a0\u00a0\u00a0\u00a0\u00a0\u00a0 50% sredstava JLS-ima razvrstanim u I. skupinu,<\/p>\n<p>\u2013\u00a0\u00a0\u00a0\u00a0\u00a0\u00a0\u00a0\u00a0\u00a0\u00a0\u00a0\u00a0\u00a0 25% sredstava JLS-ima razvrstanim u II. skupinu,<\/p>\n<p>\u2013\u00a0\u00a0\u00a0\u00a0\u00a0\u00a0\u00a0\u00a0\u00a0\u00a0\u00a0\u00a0\u00a0 15% sredstava JLS-ima razvrstanim u III. skupinu,<\/p>\n<p>\u2013\u00a0\u00a0\u00a0\u00a0\u00a0\u00a0\u00a0\u00a0\u00a0\u00a0\u00a0\u00a0\u00a0 10% sredstava JLS-ima razvrstanim u IV. skupinu.<\/p>\n<p>Vrijednost financiranja Ministarstva, po Korisniku, mo\u017ee iznositi najvi\u0161e do 500.000,00 kuna, a ne\u0107e se financirati projekt \u010dija je vrijednost manja od 100.000,00 kuna.<\/p>\n<p>Prihvatljive aktivnosti su sve aktivnosti vezane uz izgradnju, nadogradnju, rekonstrukciju, obnovu, modernizaciju i adaptaciju prihvatljivih gra\u0111evina.<\/p>\n<p>Prihvatljive su gra\u0111evine javne namjene u vlasni\u0161tvu prihvatljivih podnositelja ili u vlasni\u0161tvu pravnih subjekata \u010diji su osniva\u010di prihvatljivi podnositelji i u njihovom su ve\u0107inskom vlasni\u0161tvu ili suvlasni\u0161tvu ili su javno dobro za op\u0107u uporabu, a na raspolaganju su \u0161iroj lokalnoj zajednici i \u010dija \u0107e provedba pridonijeti pove\u0107anju standarda dru\u0161tvenih, komunalnih i socijalnih usluga u lokalnoj zajednici. Prihvatljive su gra\u0111evine iz podru\u010dja socijalne, javne, komunalne i gospodarske infrastrukture, te za\u0161tite okoli\u0161a i energetske u\u010dinkovitosti.<\/p>\n<p>Pozivaju se svi zainteresirani prihvatljivi podnositelji zahtjeva da dostave zahtjeve za financiranje projekata, uskla\u0111ene s ciljevima Programa od 13. srpnja 2022. godine do 12. kolovoza 2022. godine.<\/p>\n<p>Vi\u0161e informacija na sljede\u0107oj <a href=\"https:\/\/razvoj.gov.hr\/o-ministarstvu\/djelokrug-1939\/nacionalni-programi-417\/program-za-poboljsanje-infrastrukture-na-podrucjima-naseljenim-pripadnicima-nacionalnih-manjina\/5009\" target=\"_blank\" rel=\"noopener\">poveznici<\/a>.<\/p>","protected":false},"excerpt":{"rendered":"<p>Temeljem odluke Vlade Republike Hrvatske Ministarstvo regionalnoga razvoja i fondova Europske unije provodi Program za pobolj\u0161anje infrastrukture na podru\u010djima naseljenim pripadnicima nacionalnih manjina. Cilj Programa je pru\u017eanje pomo\u0107i razvoju lokalnih zajednica na kojima povijesno \u017eive i pripadnici nacionalnih manjina, a koja su demografski, ekonomski ili socijalno oslabljena i zna\u010dajno ispod prosjeka nacionalne razvijenosti. Program pru\u017ea [&hellip;]<\/p>","protected":false},"author":2,"featured_media":5176,"comment_status":"closed","ping_status":"closed","sticky":false,"template":"","format":"standard","meta":{"_et_pb_use_builder":"","_et_pb_old_content":"","_et_gb_content_width":"","footnotes":""},"categories":[4],"tags":[],"class_list":["post-8570","post","type-post","status-publish","format-standard","has-post-thumbnail","hentry","category-vijesti"],"_links":{"self":[{"href":"https:\/\/www.ra-vsz.hr\/en\/wp-json\/wp\/v2\/posts\/8570","targetHints":{"allow":["GET"]}}],"collection":[{"href":"https:\/\/www.ra-vsz.hr\/en\/wp-json\/wp\/v2\/posts"}],"about":[{"href":"https:\/\/www.ra-vsz.hr\/en\/wp-json\/wp\/v2\/types\/post"}],"author":[{"embeddable":true,"href":"https:\/\/www.ra-vsz.hr\/en\/wp-json\/wp\/v2\/users\/2"}],"replies":[{"embeddable":true,"href":"https:\/\/www.ra-vsz.hr\/en\/wp-json\/wp\/v2\/comments?post=8570"}],"version-history":[{"count":1,"href":"https:\/\/www.ra-vsz.hr\/en\/wp-json\/wp\/v2\/posts\/8570\/revisions"}],"predecessor-version":[{"id":11168,"href":"https:\/\/www.ra-vsz.hr\/en\/wp-json\/wp\/v2\/posts\/8570\/revisions\/11168"}],"wp:featuredmedia":[{"embeddable":true,"href":"https:\/\/www.ra-vsz.hr\/en\/wp-json\/"}],"wp:attachment":[{"href":"https:\/\/www.ra-vsz.hr\/en\/wp-json\/wp\/v2\/media?parent=8570"}],"wp:term":[{"taxonomy":"category","embeddable":true,"href":"https:\/\/www.ra-vsz.hr\/en\/wp-json\/wp\/v2\/categories?post=8570"},{"taxonomy":"post_tag","embeddable":true,"href":"https:\/\/www.ra-vsz.hr\/en\/wp-json\/wp\/v2\/tags?post=8570"}],"curies":[{"name":"wp","href":"https:\/\/api.w.org\/{rel}","templated":true}]}}