{"id":8541,"date":"2022-07-11T14:18:50","date_gmt":"2022-07-11T12:18:50","guid":{"rendered":"https:\/\/www.ra-vsz.hr\/?p=8541"},"modified":"2023-02-12T17:29:02","modified_gmt":"2023-02-12T17:29:02","slug":"poziv-na-nacionalnu-info-radionicu-povodom-2-poziva-na-dostavu-projektnih-prijedloga-program-transnacionalne-suradnje-euro-med-2021-2027","status":"publish","type":"post","link":"https:\/\/www.ra-vsz.hr\/en\/poziv-na-nacionalnu-info-radionicu-povodom-2-poziva-na-dostavu-projektnih-prijedloga-program-transnacionalne-suradnje-euro-med-2021-2027\/","title":{"rendered":"Poziv na nacionalnu info radionicu povodom 2. poziva na dostavu projektnih prijedloga-Program transnacionalne suradnje Euro-MED 2021. \u2013 2027."},"content":{"rendered":"<p>Ministarstvo regionalnoga razvoja i fondova Europske unije u ulozi Nacionalnog tijela u suradnji sa Zajedni\u010dkim tajni\u0161tvom Programa transnacionalne suradnje Interreg Euro\u2013 MED poziva vas na sudjelovanje na nacionalnoj info radionici koja \u0107e se odr\u017eati u svrhu upoznavanja potencijalnih prijavitelja sa sadr\u017eajem Programa te pravovremene pripreme za prijavu na 2. poziv na dostavu projektnih prijedloga.<\/p>\n<p>Informativni dan \u0107e se odr\u017eati\u00a0<strong>22. srpnja 2022.\u00a0<\/strong>godine\u00a0<strong>u virtualnom formatu<\/strong>\u00a0s po\u010detkom u\u00a0<strong>10:00 sati<\/strong>\u00a0(tehni\u010dka provjera od 09:30 sati).<\/p>\n<p>Ukoliko ste zainteresirani za sudjelovanje u doga\u0111anju, molimo vas da do\u00a0<strong>20. srpnja\u00a0 2022. do 15:00 sati<\/strong>\u00a0popunite\u00a0<a class=\"outlink\" href=\"https:\/\/docs.google.com\/forms\/d\/1UYDJAQ-nio9kgRvHBDIs6WslJJrwyvhl7uECPR89gPM\/edit\" target=\"_blank\" rel=\"noopener\">online prijavni obrazac<\/a>.<\/p>\n<p>Svim registriranim sudionicima \u0107e dan prije doga\u0111aja biti poslana poveznica za sudjelovanje.<\/p>\n<p>Dnevni red mo\u017eete preuzeti\u00a0<a class=\"outlink\" href=\"https:\/\/docs.google.com\/document\/d\/1XGjDCCpOxlvv2Dx8fYUv4JtDRbgrTfeZ\/edit?usp=sharing&amp;ouid=103618984365214350547&amp;rtpof=true&amp;sd=true\" target=\"_blank\" rel=\"noopener\">ovdje<\/a>.<\/p>\n<p>Radni jezici su hrvatski i engleski.<\/p>\n<p>Poziv se provodi u okviru programskih prioriteta\u00a0<strong>Pametniji<\/strong>\u00a0i\u00a0<strong>Zeleniji Mediteran<\/strong>\u00a0te s njima povezanih specifi\u010dnih ciljeva te se odnosi isklju\u010divo na\u00a0<strong>tematske projekte<\/strong>\u00a0koji obuhva\u0107aju slijede\u0107e tipove projekata:<\/p>\n<ul>\n<li><strong>istra\u017eivanje (engl. study)<\/strong><\/li>\n<li><strong>testiranje (engl. test)<\/strong><\/li>\n<li><strong>prijenos (engl. transfer)<\/strong><\/li>\n<\/ul>\n<p>Projekti koji \u0107e biti financirani u okviru ovog poziva odnose se\u00a0<strong>na sve 4 programske misije<\/strong>:<\/p>\n<ul>\n<li><strong>Inovativna odr\u017eiva ekonomija<\/strong><\/li>\n<li><strong>Prirodna ba\u0161tina<\/strong><\/li>\n<li><strong>Zelena \u017eivotna podru\u010dja<\/strong><\/li>\n<li><strong>Odr\u017eivi turizam<\/strong><\/li>\n<\/ul>\n<p>Ukupna financijska alokacija za 2. poziv iznosi\u00a0<strong>86 milijuna eura<\/strong> (EFRR, IPA + nacionalno sufinanciranje).<\/p>","protected":false},"excerpt":{"rendered":"<p>Ministarstvo regionalnoga razvoja i fondova Europske unije u ulozi Nacionalnog tijela u suradnji sa Zajedni\u010dkim tajni\u0161tvom Programa transnacionalne suradnje Interreg Euro\u2013 MED poziva vas na sudjelovanje na nacionalnoj info radionici koja \u0107e se odr\u017eati u svrhu upoznavanja potencijalnih prijavitelja sa sadr\u017eajem Programa te pravovremene pripreme za prijavu na 2. poziv na dostavu projektnih prijedloga. Informativni [&hellip;]<\/p>","protected":false},"author":2,"featured_media":8464,"comment_status":"closed","ping_status":"closed","sticky":false,"template":"","format":"standard","meta":{"_et_pb_use_builder":"","_et_pb_old_content":"","_et_gb_content_width":"","footnotes":""},"categories":[4],"tags":[],"class_list":["post-8541","post","type-post","status-publish","format-standard","has-post-thumbnail","hentry","category-vijesti"],"_links":{"self":[{"href":"https:\/\/www.ra-vsz.hr\/en\/wp-json\/wp\/v2\/posts\/8541","targetHints":{"allow":["GET"]}}],"collection":[{"href":"https:\/\/www.ra-vsz.hr\/en\/wp-json\/wp\/v2\/posts"}],"about":[{"href":"https:\/\/www.ra-vsz.hr\/en\/wp-json\/wp\/v2\/types\/post"}],"author":[{"embeddable":true,"href":"https:\/\/www.ra-vsz.hr\/en\/wp-json\/wp\/v2\/users\/2"}],"replies":[{"embeddable":true,"href":"https:\/\/www.ra-vsz.hr\/en\/wp-json\/wp\/v2\/comments?post=8541"}],"version-history":[{"count":1,"href":"https:\/\/www.ra-vsz.hr\/en\/wp-json\/wp\/v2\/posts\/8541\/revisions"}],"predecessor-version":[{"id":11163,"href":"https:\/\/www.ra-vsz.hr\/en\/wp-json\/wp\/v2\/posts\/8541\/revisions\/11163"}],"wp:featuredmedia":[{"embeddable":true,"href":"https:\/\/www.ra-vsz.hr\/en\/wp-json\/"}],"wp:attachment":[{"href":"https:\/\/www.ra-vsz.hr\/en\/wp-json\/wp\/v2\/media?parent=8541"}],"wp:term":[{"taxonomy":"category","embeddable":true,"href":"https:\/\/www.ra-vsz.hr\/en\/wp-json\/wp\/v2\/categories?post=8541"},{"taxonomy":"post_tag","embeddable":true,"href":"https:\/\/www.ra-vsz.hr\/en\/wp-json\/wp\/v2\/tags?post=8541"}],"curies":[{"name":"wp","href":"https:\/\/api.w.org\/{rel}","templated":true}]}}