{"id":8501,"date":"2022-07-06T10:23:32","date_gmt":"2022-07-06T08:23:32","guid":{"rendered":"https:\/\/www.ra-vsz.hr\/?p=8501"},"modified":"2023-02-12T17:27:58","modified_gmt":"2023-02-12T17:27:58","slug":"poziv-za-craft-gradove","status":"publish","type":"post","link":"https:\/\/www.ra-vsz.hr\/en\/poziv-za-craft-gradove\/","title":{"rendered":"Poziv za CrAFt gradove"},"content":{"rendered":"<p style=\"font-weight: 400;\">Otvoren je poziv za <strong>CrAFt gradove<\/strong>\u00a0u kojem se tra\u017ei\u00a0<strong>70 CrAFt gradova<\/strong>\u00a0kandidata koji \u017eele testirati i podijeliti modele transformacije, dobiti podr\u0161ku za implementaciju i postati uzori gradovima diljem Europe.<\/p>\n<p style=\"font-weight: 400;\">Grupa\u00a0<strong>CrAFt gradova<\/strong>\u00a0uklju\u010divat \u0107e geografski uravnote\u017eenu mje\u0161avinu gradova odabranih izme\u0111u gradova misije, gradova koji su se prijavili u okviru misije, gradova uklju\u010denih u NEB demonstrator projekte i druge NEB inicijative te dodatne gradove od velikog interesa.\u00a0Na prijavu se posebno poti\u010du mali i srednji gradovi.<\/p>\n<p style=\"font-weight: 400;\">Prihvatljivi prijavitelji:<\/p>\n<ul style=\"font-weight: 400;\">\n<li>EU misijski gradovi<\/li>\n<li>Gradovi kandidati za misije EU<\/li>\n<li>Drugi europski i svjetski gradovi od interesa, projekti NEB Lighthouse.<\/li>\n<\/ul>\n<p style=\"font-weight: 400;\"><strong>CrAFt gradovi<\/strong>\u00a0izabrati \u0107e se prema sljede\u0107im kriterijima prihvatljivosti, evaluacije:<\/p>\n<ul style=\"font-weight: 400;\">\n<li><strong>70 gradova<\/strong>\u00a0bit \u0107e izabrano me\u0111u gradovima iz dr\u017eava \u010dlanica EU-a ili zemalja sa Sporazumom o pridru\u017eivanju programu Horizon Europe ili ako je\u00a0 takav Ugovor u procesu pregovora.<\/li>\n<\/ul>\n<ul style=\"font-weight: 400;\">\n<li>Gradovi mogu sudjelovati u pozivu ako imaju najmanje 50.000 stanovnika. Gradovi iz zemalja s 5 ili manje gradova s vi\u0161e od 100.000 stanovnika mogu iskazati interes ako imaju vi\u0161e od 10.000 stanovnika. Te zemlje su: Hrvatska (HR), Cipar (CY), Estonija (EE), Irska (IE), Latvija (LV), Litva (LT), Luksemburg (LU), Malta (MT), Slovenija (SI) i Slova\u010dka (SK).<\/li>\n<li>Grupacije gradova manje veli\u010dine mogu se prijaviti ako zajedno imaju najmanje 50.000 stanovnika. Ti bi gradovi morali biti geografski povezani i pokazati kako mogu djelovati<\/li>\n<\/ul>\n<p style=\"font-weight: 400;\">na koordiniran na\u010din, s jednim koordiniraju\u0107im tijelom koje ima ovlast za dono\u0161enje odluka i obveze za cijelu grupaciju.<\/p>\n<p style=\"font-weight: 400;\">Rok za dostavu prijedloga je\u00a0<strong>9.9.2022<\/strong>.<\/p>\n<p style=\"font-weight: 400;\">Kao\u00a0<strong>CrAFt City<\/strong>, mo\u017eete dobit podr\u0161ku za razvoj i testiranje modela lokalnog suradni\u010dkog upravljanja kako biste podr\u017eali svoju tranziciju:<\/p>\n<ul style=\"font-weight: 400;\">\n<li>U\u010dite od drugih CrAFt gradova<\/li>\n<li>Uravnote\u017eite interese dionika, prioritete i kompetencije u ugovoru o klimatskom gradu<\/li>\n<li>U\u010dinite proces klimatske neutralnosti inkluzivnijim, osna\u017euju\u0107im i dostupnijim svima<\/li>\n<li>Koristite umjetnost, kulturu i kreativne sektore kao katalizatore u tranziciji<\/li>\n<li>Sudjelujte u think\/do tanku nove generacije sa studentima i zajednicama mladih<\/li>\n<li>Sudjelujte u kampanji pripovijedanja o djelotvornim klimatski neutralnim budu\u0107nostima<\/li>\n<li>Oblikujte sa\u017eetke politika za informiranje i savjetovanje kreatora nacionalne i europske politike<\/li>\n<li>Predstavite svoje projekte u CrAFt doga\u0111ajima, pri\u010dama i publikacijama<\/li>\n<li>Primite prvi pristup modelu utjecaja CrAFt i paketu smjernica<\/li>\n<\/ul>\n<p style=\"font-weight: 400;\">Izbor 70 CrAFt gradova bit \u0107e objavljen tijekom Europskih dana istra\u017eivanja i inovacija 29.9.2022., a prvi doga\u0111aj za CrAFt gradove planiran je po\u010detkom studenog, u Pragu.<\/p>\n<p style=\"font-weight: 400;\">Ukoliko ste zainteresirani po\u0161aljite svoj prijedlog putem ovog\u00a0<a href=\"https:\/\/docs.google.com\/forms\/d\/e\/1FAIpQLSeqWQIGSDdNfHXockgkRHW-uhJidgFfPnrTQglHpS8Mb-8obQ\/viewform\" data-saferedirecturl=\"https:\/\/www.google.com\/url?q=https:\/\/docs.google.com\/forms\/d\/e\/1FAIpQLSeqWQIGSDdNfHXockgkRHW-uhJidgFfPnrTQglHpS8Mb-8obQ\/viewform&amp;source=gmail&amp;ust=1657182116923000&amp;usg=AOvVaw0picvgmB7Dm9QC6FzOKA7B\" target=\"_blank\" rel=\"noopener\"><strong>obrasca<\/strong><\/a>.<\/p>\n<p style=\"font-weight: 400;\">Vi\u0161e informacija mo\u017eete prona\u0107i na\u00a0<strong><a href=\"https:\/\/craft-cities.eu\/%C2%A0\" data-saferedirecturl=\"https:\/\/www.google.com\/url?q=https:\/\/craft-cities.eu\/%25C2%25A0&amp;source=gmail&amp;ust=1657182116924000&amp;usg=AOvVaw2I5F7iVnDWxfs2zBQDjXEE\" target=\"_blank\" rel=\"noopener\">CrAFt web stranici<\/a><\/strong><strong>,<\/strong><strong>\u00a0<\/strong><strong>te u<\/strong><strong>\u00a0<\/strong><a href=\"https:\/\/craft-cities.eu\/wp-content\/uploads\/2022\/06\/CrAFt-Call-Invitation-letter.pdf\" data-saferedirecturl=\"https:\/\/www.google.com\/url?q=https:\/\/craft-cities.eu\/wp-content\/uploads\/2022\/06\/CrAFt-Call-Invitation-letter.pdf&amp;source=gmail&amp;ust=1657182116924000&amp;usg=AOvVaw0arCyWPgWBubmlLnOblQW6\" target=\"_blank\" rel=\"noopener\">pozivnom pism<\/a><u>u<\/u>\u00a0i\u00a0<a href=\"https:\/\/craft-cities.eu\/wp-content\/uploads\/2022\/06\/CrAFt-Call-Annex.pdf\" data-saferedirecturl=\"https:\/\/www.google.com\/url?q=https:\/\/craft-cities.eu\/wp-content\/uploads\/2022\/06\/CrAFt-Call-Annex.pdf&amp;source=gmail&amp;ust=1657182116924000&amp;usg=AOvVaw3jUpErBmfsF_bM5NakT1DP\" target=\"_blank\" rel=\"noopener\">aneks<\/a><u>u<\/u><strong>.<\/strong><\/p>","protected":false},"excerpt":{"rendered":"<p>Otvoren je poziv za CrAFt gradove\u00a0u kojem se tra\u017ei\u00a070 CrAFt gradova\u00a0kandidata koji \u017eele testirati i podijeliti modele transformacije, dobiti podr\u0161ku za implementaciju i postati uzori gradovima diljem Europe. Grupa\u00a0CrAFt gradova\u00a0uklju\u010divat \u0107e geografski uravnote\u017eenu mje\u0161avinu gradova odabranih izme\u0111u gradova misije, gradova koji su se prijavili u okviru misije, gradova uklju\u010denih u NEB demonstrator projekte i druge [&hellip;]<\/p>","protected":false},"author":2,"featured_media":8502,"comment_status":"closed","ping_status":"closed","sticky":false,"template":"","format":"standard","meta":{"_et_pb_use_builder":"","_et_pb_old_content":"","_et_gb_content_width":"","footnotes":""},"categories":[4],"tags":[],"class_list":["post-8501","post","type-post","status-publish","format-standard","has-post-thumbnail","hentry","category-vijesti"],"_links":{"self":[{"href":"https:\/\/www.ra-vsz.hr\/en\/wp-json\/wp\/v2\/posts\/8501","targetHints":{"allow":["GET"]}}],"collection":[{"href":"https:\/\/www.ra-vsz.hr\/en\/wp-json\/wp\/v2\/posts"}],"about":[{"href":"https:\/\/www.ra-vsz.hr\/en\/wp-json\/wp\/v2\/types\/post"}],"author":[{"embeddable":true,"href":"https:\/\/www.ra-vsz.hr\/en\/wp-json\/wp\/v2\/users\/2"}],"replies":[{"embeddable":true,"href":"https:\/\/www.ra-vsz.hr\/en\/wp-json\/wp\/v2\/comments?post=8501"}],"version-history":[{"count":1,"href":"https:\/\/www.ra-vsz.hr\/en\/wp-json\/wp\/v2\/posts\/8501\/revisions"}],"predecessor-version":[{"id":11156,"href":"https:\/\/www.ra-vsz.hr\/en\/wp-json\/wp\/v2\/posts\/8501\/revisions\/11156"}],"wp:featuredmedia":[{"embeddable":true,"href":"https:\/\/www.ra-vsz.hr\/en\/wp-json\/"}],"wp:attachment":[{"href":"https:\/\/www.ra-vsz.hr\/en\/wp-json\/wp\/v2\/media?parent=8501"}],"wp:term":[{"taxonomy":"category","embeddable":true,"href":"https:\/\/www.ra-vsz.hr\/en\/wp-json\/wp\/v2\/categories?post=8501"},{"taxonomy":"post_tag","embeddable":true,"href":"https:\/\/www.ra-vsz.hr\/en\/wp-json\/wp\/v2\/tags?post=8501"}],"curies":[{"name":"wp","href":"https:\/\/api.w.org\/{rel}","templated":true}]}}