{"id":8487,"date":"2022-07-04T09:36:21","date_gmt":"2022-07-04T07:36:21","guid":{"rendered":"https:\/\/www.ra-vsz.hr\/?p=8487"},"modified":"2023-02-12T17:25:47","modified_gmt":"2023-02-12T17:25:47","slug":"gradimo-europu-s-lokalnim-dionicima","status":"publish","type":"post","link":"https:\/\/www.ra-vsz.hr\/en\/gradimo-europu-s-lokalnim-dionicima\/","title":{"rendered":"Gradimo Europu s lokalnim dionicima"},"content":{"rendered":"<p>Projekt <strong>\u201eGradimo Europu s lokalnim dionicima\u201d<\/strong>\u00a0stvara europsku mre\u017eu lokalno izabranih politi\u010dara s ciljem predstavljanja Europske unije kroz do sada nezabilje\u017een savez izme\u0111u europske i lokalne razine upravljanja.<\/p>\n<p>Projekt \u0107e lokalnim politi\u010darima omogu\u0107iti suradnju i \u0161irenje informacija o pitanjima EU-a koja se ti\u010du lokalnog stanovni\u0161tva na lokalnoj razini. Tako\u0111er \u0107e pomo\u0107i u pove\u0107anju anga\u017emana i poticanju rasprava o budu\u0107nosti Europe. Krajnji je cilj podupiranje stvaranja istinske europske javne sfere.<\/p>\n<p>Europska komisija poziva lokalne vlasti na pridru\u017eivanje projektu. Jednostavno je. Samo ispunite obrazac za prijavu, u\u010ditajte izjavu s potpisom izabranog lokalnog dionika i zakonskog zastupnika lokalne vlasti.<\/p>\n<p>Kad postane \u010dlanom mre\u017ee, lokalni dionik redovito \u0107e sudjelovati u raspravama s \u010dlanovima svoje izborne jedinice i\/ili lokalnim medijima o politi\u010dkim inicijativama te mjerama koje provodi EU.<\/p>\n<p>Predstavljanje EU na lokalnoj razini klju\u010dno je za odr\u017eavanje zamaha koji je pokrenula\u00a0<a href=\"https:\/\/futureu.europa.eu\/?locale=hr\" target=\"_blank\" rel=\"noopener\" data-saferedirecturl=\"https:\/\/www.google.com\/url?q=https:\/\/futureu.europa.eu\/?locale%3Dhr&amp;source=gmail&amp;ust=1657006332026000&amp;usg=AOvVaw0WsFc4APDzlr7bXpxKU1ak\">Konferencija o budu\u0107nosti Europe<\/a>\u00a0i u kontekstu\u00a0<a href=\"https:\/\/europa.eu\/next-generation-eu\/index_hr\" target=\"_blank\" rel=\"noopener\" data-saferedirecturl=\"https:\/\/www.google.com\/url?q=https:\/\/europa.eu\/next-generation-eu\/index_hr&amp;source=gmail&amp;ust=1657006332026000&amp;usg=AOvVaw15M3ZDNs68rJZMbKwYTSJE\">NextGenerationEU<\/a>.<\/p>\n<p>Projekt je organiziran u bliskoj suradnji s projektom\u00a0<a href=\"https:\/\/cor.europa.eu\/hr\/engage\/Pages\/Network-of-Regional-and-Local-EU-Councillors.aspx\" target=\"_blank\" rel=\"noopener\" data-saferedirecturl=\"https:\/\/www.google.com\/url?q=https:\/\/cor.europa.eu\/hr\/engage\/Pages\/Network-of-Regional-and-Local-EU-Councillors.aspx&amp;source=gmail&amp;ust=1657006332026000&amp;usg=AOvVaw02aIV5r9spwPnA5DQ-UNm1\">Europska mre\u017ea regionalnih i lokalnih savjetnika za EU<\/a>\u00a0Odbora regija.<\/p>\n<p><a href=\"https:\/\/ec.europa.eu\/eusurvey\/runner\/Application-form-local-councillors\" target=\"_blank\" rel=\"noopener\" data-saferedirecturl=\"https:\/\/www.google.com\/url?q=https:\/\/ec.europa.eu\/eusurvey\/runner\/Application-form-local-councillors&amp;source=gmail&amp;ust=1657006332027000&amp;usg=AOvVaw0Mjm4ANToK8CH88EmnQl0o\">Prijava<\/a><\/p>\n<p><a href=\"https:\/\/building-europe-with-local-councillors.europa.eu\/index_hr?mtm_campaign=SoMe_kit&amp;mtm_source=facebook&amp;mtm_medium=social&amp;fbclid=IwAR3-SqO0cjnUuPDspaeYLdBt1TzzGHQqPbaItH2PtkMvHuWxTmRmEkgPtCk\" target=\"_blank\" rel=\"noopener\" data-saferedirecturl=\"https:\/\/www.google.com\/url?q=https:\/\/building-europe-with-local-councillors.europa.eu\/index_hr?mtm_campaign%3DSoMe_kit%26mtm_source%3Dfacebook%26mtm_medium%3Dsocial%26fbclid%3DIwAR3-SqO0cjnUuPDspaeYLdBt1TzzGHQqPbaItH2PtkMvHuWxTmRmEkgPtCk&amp;source=gmail&amp;ust=1657006332027000&amp;usg=AOvVaw1pQC-GoBBpfEEZ1JXchsjk\">Izvor<\/a><\/p>","protected":false},"excerpt":{"rendered":"<p>Projekt \u201eGradimo Europu s lokalnim dionicima\u201d\u00a0stvara europsku mre\u017eu lokalno izabranih politi\u010dara s ciljem predstavljanja Europske unije kroz do sada nezabilje\u017een savez izme\u0111u europske i lokalne razine upravljanja. Projekt \u0107e lokalnim politi\u010darima omogu\u0107iti suradnju i \u0161irenje informacija o pitanjima EU-a koja se ti\u010du lokalnog stanovni\u0161tva na lokalnoj razini. Tako\u0111er \u0107e pomo\u0107i u pove\u0107anju anga\u017emana i poticanju [&hellip;]<\/p>","protected":false},"author":2,"featured_media":8488,"comment_status":"closed","ping_status":"closed","sticky":false,"template":"","format":"standard","meta":{"_et_pb_use_builder":"","_et_pb_old_content":"","_et_gb_content_width":"","footnotes":""},"categories":[4],"tags":[],"class_list":["post-8487","post","type-post","status-publish","format-standard","has-post-thumbnail","hentry","category-vijesti"],"_links":{"self":[{"href":"https:\/\/www.ra-vsz.hr\/en\/wp-json\/wp\/v2\/posts\/8487","targetHints":{"allow":["GET"]}}],"collection":[{"href":"https:\/\/www.ra-vsz.hr\/en\/wp-json\/wp\/v2\/posts"}],"about":[{"href":"https:\/\/www.ra-vsz.hr\/en\/wp-json\/wp\/v2\/types\/post"}],"author":[{"embeddable":true,"href":"https:\/\/www.ra-vsz.hr\/en\/wp-json\/wp\/v2\/users\/2"}],"replies":[{"embeddable":true,"href":"https:\/\/www.ra-vsz.hr\/en\/wp-json\/wp\/v2\/comments?post=8487"}],"version-history":[{"count":1,"href":"https:\/\/www.ra-vsz.hr\/en\/wp-json\/wp\/v2\/posts\/8487\/revisions"}],"predecessor-version":[{"id":11152,"href":"https:\/\/www.ra-vsz.hr\/en\/wp-json\/wp\/v2\/posts\/8487\/revisions\/11152"}],"wp:featuredmedia":[{"embeddable":true,"href":"https:\/\/www.ra-vsz.hr\/en\/wp-json\/"}],"wp:attachment":[{"href":"https:\/\/www.ra-vsz.hr\/en\/wp-json\/wp\/v2\/media?parent=8487"}],"wp:term":[{"taxonomy":"category","embeddable":true,"href":"https:\/\/www.ra-vsz.hr\/en\/wp-json\/wp\/v2\/categories?post=8487"},{"taxonomy":"post_tag","embeddable":true,"href":"https:\/\/www.ra-vsz.hr\/en\/wp-json\/wp\/v2\/tags?post=8487"}],"curies":[{"name":"wp","href":"https:\/\/api.w.org\/{rel}","templated":true}]}}