{"id":8441,"date":"2022-06-23T07:45:17","date_gmt":"2022-06-23T05:45:17","guid":{"rendered":"https:\/\/www.ra-vsz.hr\/?p=8441"},"modified":"2023-02-12T17:24:23","modified_gmt":"2023-02-12T17:24:23","slug":"prijave-za-europski-tjedan-odrzive-energije-2022","status":"publish","type":"post","link":"https:\/\/www.ra-vsz.hr\/en\/prijave-za-europski-tjedan-odrzive-energije-2022\/","title":{"rendered":"Prijave za Europski tjedan odr\u017eive energije 2022."},"content":{"rendered":"<p>Europska komisija otvorila je prijave za ovogodi\u0161nji <a href=\"https:\/\/european-sustainable-energy-week.b2match.io\/\" target=\"_blank\" rel=\"noopener\">Europski tjedan odr\u017eive energije (EUSEW) 2022<\/a>\u00a0.\u00a0Doga\u0111aj \u0107e se odr\u017eati od 26. do 30. rujna 2022. godine pod temom \u201cPostati zeleno i digitalno za energetsku tranziciju Europe\u201d.<\/p>\n<p>EUSEW je najve\u0107i godi\u0161nji doga\u0111aj posve\u0107en obnovljivim izvorima i u\u010dinkovitom kori\u0161tenju energije u Europi.\u00a0Uklju\u010duje niz aktivnosti usmjerenih na izgradnju odr\u017eive i sigurne energetske budu\u0107nosti Europe.\u00a0Po prvi put, ovogodi\u0161nji EUSEW bit \u0107e organiziran u hibridnom formatu, online i fizi\u010dkom.\u00a0Sudionici se pozivaju na registraciju, a mogu se i odlu\u010diti pridru\u017eiti doga\u0111aju na licu mjesta u Bruxellesu ili online kako bi sudjelovali u raspravama o razli\u010ditim pitanjima povezanim s op\u0107om temom.<\/p>\n<p>Na temelju prethodnih izdanja, o\u010dekuje se sudjelovanje preko 4500 sudionika, uklju\u010duju\u0107i javna tijela, stru\u010dnjake za energetsku politiku, privatne tvrtke, nevladine organizacije, partnere na EU projektima, istra\u017eiva\u010de i potro\u0161a\u010de.<\/p>\n<p>Naglasci EUSEW 2022 uklju\u010duju:<\/p>\n<ul>\n<li>konferencija\u00a0<a href=\"https:\/\/european-sustainable-energy-week.b2match.io\/agenda?track_id=21186\" target=\"_blank\" rel=\"noopener\">o politici EUSEW-a<\/a>\u00a0, od 26. do 29. rujna 2022. godine.\u00a0Glavne teme uklju\u010duju REPowerEU, digitalizaciju i integraciju energetskih sustava, energetsku u\u010dinkovitost, obnovljive izvore energije, potro\u0161a\u010de i pravednu energetsku tranziciju, politike dekarbonizacije i me\u0111unarodnu suradnju.\u00a0Sjednice organiziraju Europska komisija i energetski dionici, a uklju\u010duju govornike na visokoj razini za raspravu, debatu i razmjenu najboljih praksi<\/li>\n<li>presti\u017ena\u00a0<a href=\"https:\/\/european-sustainable-energy-week.b2match.io\/agenda?session=c2Vzc2lvbjoxMjI0Nzc%3D&amp;track_id=21186\" target=\"_blank\" rel=\"noopener\">dodjela nagrada<\/a>\u00a0za Europske nagrade za odr\u017eivu energiju, koja se odr\u017eava 26. rujna 2022. godine, u nazo\u010dnosti povjerenika za energetiku, Kadrija Simsona, odaje priznanje pojedincima i projektima za izvanredne napore u \u010detiri kategorije: inovacije, lokalno energetsko djelovanje, \u017eena u energiji i mladi energetski predvodnik<\/li>\n<li>tre\u0107e izdanje\u00a0<a href=\"https:\/\/eusew.eu\/european-youth-energy-day\" target=\"_blank\" rel=\"noopener\">Europskog dana energije mladih<\/a>\u00a0\u00a0koji se odr\u017eava 26. rujna 2022. godine u sklopu aktivnosti\u00a0\u00a0<a href=\"https:\/\/europa.eu\/youth\/year-of-youth_en\" target=\"_blank\" rel=\"noopener\">Europske godine mladih 2022.<\/a><\/li>\n<li>niz\u00a0<a href=\"https:\/\/eusew.eu\/about-networking\" target=\"_blank\" rel=\"noopener\">aktivnosti umre\u017eavanja<\/a>\u00a0tijekom cijelog tjedna gdje se sudionici mogu povezati s drugim \u010dlanovima zajednice odr\u017eive energije, uklju\u010duju\u0107i sajam hibridne energije koji organizacijama i udrugama daje priliku da poka\u017eu svoje inicijative i komuniciraju sa sudionicima te niz energetskih razgovora<\/li>\n<li><a href=\"https:\/\/european-sustainable-energy-week.b2match.io\/agenda?track_id=21187\" target=\"_blank\" rel=\"noopener\">EUSEW pro\u0161ireni program<\/a>\u00a0,\u00a0od 19. do 23. rujna, sadr\u017eava 40 sjednica koje vode do Politi\u010dke konferencije EUSEW-a<\/li>\n<li>od lipnja do rujna, lokalno organizirani\u00a0<a href=\"https:\/\/eusew.eu\/about-sustainable-energy-days\" target=\"_blank\" rel=\"noopener\">Dani odr\u017eive energije<\/a>\u00a0koji se odr\u017eavaju diljem svijeta za promicanje obnovljive energije i energetske u\u010dinkovitosti.<\/li>\n<\/ul>\n<p>Pokrenut 2007. godine od strane Europske komisije, EUSEW organizira Europska izvr\u0161na agencija za klimu, infrastrukturu i okoli\u0161 (CINEA) u bliskoj suradnji s Glavnom upravom Europske komisije za energiju.<\/p>","protected":false},"excerpt":{"rendered":"<p>Europska komisija otvorila je prijave za ovogodi\u0161nji Europski tjedan odr\u017eive energije (EUSEW) 2022\u00a0.\u00a0Doga\u0111aj \u0107e se odr\u017eati od 26. do 30. rujna 2022. godine pod temom \u201cPostati zeleno i digitalno za energetsku tranziciju Europe\u201d. EUSEW je najve\u0107i godi\u0161nji doga\u0111aj posve\u0107en obnovljivim izvorima i u\u010dinkovitom kori\u0161tenju energije u Europi.\u00a0Uklju\u010duje niz aktivnosti usmjerenih na izgradnju odr\u017eive i sigurne [&hellip;]<\/p>","protected":false},"author":2,"featured_media":8442,"comment_status":"closed","ping_status":"closed","sticky":false,"template":"","format":"standard","meta":{"_et_pb_use_builder":"","_et_pb_old_content":"","_et_gb_content_width":"","footnotes":""},"categories":[4],"tags":[],"class_list":["post-8441","post","type-post","status-publish","format-standard","has-post-thumbnail","hentry","category-vijesti"],"_links":{"self":[{"href":"https:\/\/www.ra-vsz.hr\/en\/wp-json\/wp\/v2\/posts\/8441","targetHints":{"allow":["GET"]}}],"collection":[{"href":"https:\/\/www.ra-vsz.hr\/en\/wp-json\/wp\/v2\/posts"}],"about":[{"href":"https:\/\/www.ra-vsz.hr\/en\/wp-json\/wp\/v2\/types\/post"}],"author":[{"embeddable":true,"href":"https:\/\/www.ra-vsz.hr\/en\/wp-json\/wp\/v2\/users\/2"}],"replies":[{"embeddable":true,"href":"https:\/\/www.ra-vsz.hr\/en\/wp-json\/wp\/v2\/comments?post=8441"}],"version-history":[{"count":1,"href":"https:\/\/www.ra-vsz.hr\/en\/wp-json\/wp\/v2\/posts\/8441\/revisions"}],"predecessor-version":[{"id":11144,"href":"https:\/\/www.ra-vsz.hr\/en\/wp-json\/wp\/v2\/posts\/8441\/revisions\/11144"}],"wp:featuredmedia":[{"embeddable":true,"href":"https:\/\/www.ra-vsz.hr\/en\/wp-json\/"}],"wp:attachment":[{"href":"https:\/\/www.ra-vsz.hr\/en\/wp-json\/wp\/v2\/media?parent=8441"}],"wp:term":[{"taxonomy":"category","embeddable":true,"href":"https:\/\/www.ra-vsz.hr\/en\/wp-json\/wp\/v2\/categories?post=8441"},{"taxonomy":"post_tag","embeddable":true,"href":"https:\/\/www.ra-vsz.hr\/en\/wp-json\/wp\/v2\/tags?post=8441"}],"curies":[{"name":"wp","href":"https:\/\/api.w.org\/{rel}","templated":true}]}}