{"id":8335,"date":"2022-06-13T10:46:38","date_gmt":"2022-06-13T08:46:38","guid":{"rendered":"https:\/\/www.ra-vsz.hr\/?p=8335"},"modified":"2023-02-12T17:20:48","modified_gmt":"2023-02-12T17:20:48","slug":"dani-europske-bastine-2022","status":"publish","type":"post","link":"https:\/\/www.ra-vsz.hr\/en\/dani-europske-bastine-2022\/","title":{"rendered":"Dani europske ba\u0161tine 2022."},"content":{"rendered":"<p style=\"font-weight: 400;\">Manifestacijom Dani europske ba\u0161tine pod vodstvom Vije\u0107a Europe i Europske komisije proslavljamo kulturnu ba\u0161tinu svih europskih zemalja, regija, gradova i manjih sredina. Ovogodi\u0161nje izdanje obilje\u017eava se diljem Europe pod zajedni\u010dkim naslovom Odr\u017eivost ba\u0161tine, a u Hrvatskoj \u0107e se odr\u017eati tijekom rujna i listopada.<\/p>\n<p style=\"font-weight: 400;\">Odabrana tema pru\u017ea priliku da promislimo o na\u0161oj bogatoj i raznolikoj materijalnoj i nematerijalnoj kulturnoj ba\u0161tini u svjetlu sve izra\u017eenijih i u\u010destalijih klimatskih promjena i degradacije okoli\u0161a. Namjera je prikupiti saznanja i podijeliti iskustva o ubla\u017eavanju rizika i ja\u010danju otpornosti kulturne ba\u0161tine kako bismo je o\u010duvali za sada\u0161nje i budu\u0107e generacije. Istra\u017eivanje i promicanje kulturne ba\u0161tine, osim toga, omogu\u0107uje ponovno stjecanje tradicionalnih, davno zaboravljenih znanja o odr\u017eivim materijalima, tehnologijama i praksama i tako pridonosi odr\u017eivom razvitku u cjelini.<\/p>\n<p style=\"font-weight: 400;\">Pozivamo sve zainteresirane kulturne, dru\u0161tvene, odgojno-obrazovne i znanstvene ustanove i organizacije da se priklju\u010de manifestaciji organiziranjem prigodnih predavanja, skupova, festivala, radionica, obilazaka, izlo\u017ebi, panela, virtualnih programa, prezentacija i sli\u010dnih doga\u0111anja namijenjenih djeci i odraslima.<\/p>\n<p style=\"font-weight: 400;\">Obrazac za prijavu doga\u0111anja mo\u017eete preuzeti\u00a0<strong><a href=\"https:\/\/min-kulture.gov.hr\/UserDocsImages\/slike\/fotogalerija\/2022godina\/Dani%20europske%20ba%C5%A1tine%202022\/Dani%20europske%20ba%C5%A1tine%202022.%20Obrazac%20za%20prijavu%20doga%C4%91anja.docm\" data-saferedirecturl=\"https:\/\/www.google.com\/url?q=https:\/\/min-kulture.gov.hr\/UserDocsImages\/slike\/fotogalerija\/2022godina\/Dani%2520europske%2520ba%25C5%25A1tine%25202022\/Dani%2520europske%2520ba%25C5%25A1tine%25202022.%2520Obrazac%2520za%2520prijavu%2520doga%25C4%2591anja.docm&amp;source=gmail&amp;ust=1655195313027000&amp;usg=AOvVaw117zAtxp9QO_WrLdgKrYNN\" target=\"_blank\" rel=\"noopener\">ovdje.<\/a><\/strong><\/p>\n<p>Molimo da ispunjeni obrazac i dvije karakteristi\u010dne fotografije dostavite putem elektroni\u010dke po\u0161te na adresu\u00a0<a href=\"mailto:danieuropskebastine@min-kulture.hr\">danieuropskebastine@min-kulture.hr<\/a><strong>\u00a0do 2. kolovoza 2022. godine.<\/strong><\/p>\n<p style=\"font-weight: 400;\"><strong>Bro\u0161ura ideja za pripremu doga\u0111anja:\u00a0<\/strong><br \/>\n<a href=\"https:\/\/www.europeanheritagedays.com\/sites\/default\/files\/2022-03\/Sustainable%20Heritage%20-%20European%20Heritage%20Days%20-%20Shared%20theme%20brochure%202022_0.pdf\" data-saferedirecturl=\"https:\/\/www.google.com\/url?q=https:\/\/www.europeanheritagedays.com\/sites\/default\/files\/2022-03\/Sustainable%2520Heritage%2520-%2520European%2520Heritage%2520Days%2520-%2520Shared%2520theme%2520brochure%25202022_0.pdf&amp;source=gmail&amp;ust=1655195313027000&amp;usg=AOvVaw1_623elqQIxzI3vKj_XM60\" target=\"_blank\" rel=\"noopener\">Sustainable Heritage &#8211; European Heritage Days &#8211; Shared theme brochure 2022.pdf<\/a><\/p>\n<p><strong>Zajedni\u010dka platforma Dana europske ba\u0161tine:<\/strong><br \/>\n<a href=\"https:\/\/www.europeanheritagedays.com\/\" data-saferedirecturl=\"https:\/\/www.google.com\/url?q=https:\/\/www.europeanheritagedays.com\/&amp;source=gmail&amp;ust=1655195313027000&amp;usg=AOvVaw28QzQAP9LeyZBtgYOjpomO\" target=\"_blank\" rel=\"noopener\">www.europeanheritagedays.com<\/a><\/p>","protected":false},"excerpt":{"rendered":"<p>Manifestacijom Dani europske ba\u0161tine pod vodstvom Vije\u0107a Europe i Europske komisije proslavljamo kulturnu ba\u0161tinu svih europskih zemalja, regija, gradova i manjih sredina. Ovogodi\u0161nje izdanje obilje\u017eava se diljem Europe pod zajedni\u010dkim naslovom Odr\u017eivost ba\u0161tine, a u Hrvatskoj \u0107e se odr\u017eati tijekom rujna i listopada. Odabrana tema pru\u017ea priliku da promislimo o na\u0161oj bogatoj i raznolikoj materijalnoj [&hellip;]<\/p>","protected":false},"author":2,"featured_media":8336,"comment_status":"closed","ping_status":"closed","sticky":false,"template":"","format":"standard","meta":{"_et_pb_use_builder":"","_et_pb_old_content":"","_et_gb_content_width":"","footnotes":""},"categories":[4],"tags":[],"class_list":["post-8335","post","type-post","status-publish","format-standard","has-post-thumbnail","hentry","category-vijesti"],"_links":{"self":[{"href":"https:\/\/www.ra-vsz.hr\/en\/wp-json\/wp\/v2\/posts\/8335","targetHints":{"allow":["GET"]}}],"collection":[{"href":"https:\/\/www.ra-vsz.hr\/en\/wp-json\/wp\/v2\/posts"}],"about":[{"href":"https:\/\/www.ra-vsz.hr\/en\/wp-json\/wp\/v2\/types\/post"}],"author":[{"embeddable":true,"href":"https:\/\/www.ra-vsz.hr\/en\/wp-json\/wp\/v2\/users\/2"}],"replies":[{"embeddable":true,"href":"https:\/\/www.ra-vsz.hr\/en\/wp-json\/wp\/v2\/comments?post=8335"}],"version-history":[{"count":1,"href":"https:\/\/www.ra-vsz.hr\/en\/wp-json\/wp\/v2\/posts\/8335\/revisions"}],"predecessor-version":[{"id":11129,"href":"https:\/\/www.ra-vsz.hr\/en\/wp-json\/wp\/v2\/posts\/8335\/revisions\/11129"}],"wp:featuredmedia":[{"embeddable":true,"href":"https:\/\/www.ra-vsz.hr\/en\/wp-json\/"}],"wp:attachment":[{"href":"https:\/\/www.ra-vsz.hr\/en\/wp-json\/wp\/v2\/media?parent=8335"}],"wp:term":[{"taxonomy":"category","embeddable":true,"href":"https:\/\/www.ra-vsz.hr\/en\/wp-json\/wp\/v2\/categories?post=8335"},{"taxonomy":"post_tag","embeddable":true,"href":"https:\/\/www.ra-vsz.hr\/en\/wp-json\/wp\/v2\/tags?post=8335"}],"curies":[{"name":"wp","href":"https:\/\/api.w.org\/{rel}","templated":true}]}}