{"id":8284,"date":"2022-06-03T10:18:36","date_gmt":"2022-06-03T08:18:36","guid":{"rendered":"https:\/\/www.ra-vsz.hr\/?p=8284"},"modified":"2023-02-12T17:19:26","modified_gmt":"2023-02-12T17:19:26","slug":"festival-novog-europskog-bauhausa","status":"publish","type":"post","link":"https:\/\/www.ra-vsz.hr\/en\/festival-novog-europskog-bauhausa\/","title":{"rendered":"Festival Novog europskog Bauhausa"},"content":{"rendered":"<p>Festival Novog europskog Bauhausa okuplja gra\u0111ane iz svih sfera \u017eivota kako bi raspravljali i oblikovali europski budu\u0107i krajolik. Prilika je to za istra\u017eivanje vrijednosti ljepote, odr\u017eivosti i zajedni\u0161tva <strong>Novog europskog Bauhausa<\/strong>, te njihove mogu\u0107nosti suo\u010davanja s dru\u0161tvenim izazovima.\u00a0Festival donosi Europski zeleni dogovor u srce na\u0161eg svakodnevnog \u017eivota.<\/p>\n<p>Festival se odr\u017eava od\u00a0<strong>9.-12. lipnja 2022.<\/strong>\u00a0godine kao hibridni doga\u0111aj, a svatko je dobrodo\u0161ao uklju\u010diti se na licu mjesta i online iz cijelog svijeta.\u00a0Osnovne aktivnosti\u00a0festivala\u00a0odr\u017eat \u0107e se u Bruxellesu, uz popratna doga\u0111anja diljem EU-a i \u0161ire.<\/p>\n<p>Glavne teme\u00a0festivala\u00a0su ljepota, odr\u017eivost i inkluzivnost.\u00a0Sadr\u017eavat \u0107e debate, sjajne govornike, umjetni\u010dke performanse, izlo\u017ebe i mogu\u0107nosti umre\u017eavanja.\u00a0Cilj je izgraditi veze izme\u0111u razli\u010ditih djelatnosti i pojedinaca, premo\u0161\u0107uju\u0107i svjetove istra\u017eivanja, znanosti i tehnologije sa svjetovima obrazovanja i gra\u0111anskog anga\u017emana te umjetnosti, kulture i arhitekture.<\/p>\n<p><strong><u>FESTIVAL<\/u><\/strong><u>\u00a0je osmi\u0161ljen oko \u010detiri glavna stupa:<\/u><\/p>\n<p><strong>SAJAM<\/strong>: izlaganje i prikazivanje projekata i prototipova koji odra\u017eavaju i podr\u017eavaju vrijednosti\u00a0<strong>Novog europskog Bauhausa<\/strong>.\u00a0Sastoji se od izlo\u017ebi na kojima se prikazuju aktualni projekti i proizvodi koji utjelovljuju vrijednosti i principe\u00a0<strong>Novog europskog Bauhausa<\/strong>.<\/p>\n<p><strong>FEST<\/strong>: trenutak slavlja koji spaja kulturu, umjetnost i slavlje dru\u017eenja, slobodu izra\u017eavanja s radikalnim,\u00a0inovativnim,\u00a0disruptivnim idejama i vizijama.\u00a0Sastoji se od kulturnog programa s nastupima organiziranim na glavnim mjestima\u00a0festivala\u00a0i diljem Bruxellesa, uz prilike za upoznavanje, interakciju i razmjenu ideja.<\/p>\n<p><strong>FORUM<\/strong>: za razmjenu mi\u0161ljenja i raspravu o temama koje se odnose na\u00a0Novi europski Bauhaus.<strong>\u00a0<\/strong><\/p>\n<p><strong>POPRATNI DOGA\u0110AJI<\/strong>:\u00a0<strong>\u00a0<\/strong>doga\u0111anja i inicijative organizirane samostalno u Bruxellesu i \u0161ire (EU i svijet) izme\u0111u\u00a0<strong>9. i 12. lipnja 2022. <\/strong>godine s temeljnim aktivnostima u skladu s vrijednostima\u00a0Novog europskog Bauhausa.<\/p>\n<p><a href=\"https:\/\/new-european-bauhaus-festival.eu\/docs\/NEB_FESTIVAL_PROGRAMME_220512.pdf\" target=\"_blank\" rel=\"noopener\"><strong>Istra\u017eite program i \u0161to se doga\u0111a u va\u0161oj blizini, isplanirajte posjet i registrirajte se za sudjelovanje!<\/strong><\/a><\/p>\n<p><a href=\"https:\/\/register.new-european-bauhaus-festival.eu\/register\" target=\"_blank\" rel=\"noopener\">Registracija<\/a><\/p>","protected":false},"excerpt":{"rendered":"<p>Festival Novog europskog Bauhausa okuplja gra\u0111ane iz svih sfera \u017eivota kako bi raspravljali i oblikovali europski budu\u0107i krajolik. Prilika je to za istra\u017eivanje vrijednosti ljepote, odr\u017eivosti i zajedni\u0161tva Novog europskog Bauhausa, te njihove mogu\u0107nosti suo\u010davanja s dru\u0161tvenim izazovima.\u00a0Festival donosi Europski zeleni dogovor u srce na\u0161eg svakodnevnog \u017eivota. Festival se odr\u017eava od\u00a09.-12. lipnja 2022.\u00a0godine kao hibridni [&hellip;]<\/p>","protected":false},"author":2,"featured_media":8285,"comment_status":"closed","ping_status":"closed","sticky":false,"template":"","format":"standard","meta":{"_et_pb_use_builder":"","_et_pb_old_content":"","_et_gb_content_width":"","footnotes":""},"categories":[4],"tags":[],"class_list":["post-8284","post","type-post","status-publish","format-standard","has-post-thumbnail","hentry","category-vijesti"],"_links":{"self":[{"href":"https:\/\/www.ra-vsz.hr\/en\/wp-json\/wp\/v2\/posts\/8284","targetHints":{"allow":["GET"]}}],"collection":[{"href":"https:\/\/www.ra-vsz.hr\/en\/wp-json\/wp\/v2\/posts"}],"about":[{"href":"https:\/\/www.ra-vsz.hr\/en\/wp-json\/wp\/v2\/types\/post"}],"author":[{"embeddable":true,"href":"https:\/\/www.ra-vsz.hr\/en\/wp-json\/wp\/v2\/users\/2"}],"replies":[{"embeddable":true,"href":"https:\/\/www.ra-vsz.hr\/en\/wp-json\/wp\/v2\/comments?post=8284"}],"version-history":[{"count":1,"href":"https:\/\/www.ra-vsz.hr\/en\/wp-json\/wp\/v2\/posts\/8284\/revisions"}],"predecessor-version":[{"id":11121,"href":"https:\/\/www.ra-vsz.hr\/en\/wp-json\/wp\/v2\/posts\/8284\/revisions\/11121"}],"wp:featuredmedia":[{"embeddable":true,"href":"https:\/\/www.ra-vsz.hr\/en\/wp-json\/"}],"wp:attachment":[{"href":"https:\/\/www.ra-vsz.hr\/en\/wp-json\/wp\/v2\/media?parent=8284"}],"wp:term":[{"taxonomy":"category","embeddable":true,"href":"https:\/\/www.ra-vsz.hr\/en\/wp-json\/wp\/v2\/categories?post=8284"},{"taxonomy":"post_tag","embeddable":true,"href":"https:\/\/www.ra-vsz.hr\/en\/wp-json\/wp\/v2\/tags?post=8284"}],"curies":[{"name":"wp","href":"https:\/\/api.w.org\/{rel}","templated":true}]}}