{"id":8274,"date":"2022-06-02T14:18:18","date_gmt":"2022-06-02T12:18:18","guid":{"rendered":"https:\/\/www.ra-vsz.hr\/?p=8274"},"modified":"2023-02-12T17:18:54","modified_gmt":"2023-02-12T17:18:54","slug":"stipendije-za-ceepus-mrezne-mobilnosti-u-zimskom-semestru-ak-god-2022-2023","status":"publish","type":"post","link":"https:\/\/www.ra-vsz.hr\/en\/stipendije-za-ceepus-mrezne-mobilnosti-u-zimskom-semestru-ak-god-2022-2023\/","title":{"rendered":"Stipendije za CEEPUS mre\u017ene mobilnosti u zimskom semestru ak. god. 2022.\/2023."},"content":{"rendered":"<p>Poziv je namijenjen \u00a0zainteresiranim kandidatima za podno\u0161enje prijava za odlaznu mobilnost u sklopu programa CEEPUS.<\/p>\n<p>Prijaviti se mogu studenti, doktorandi i nastavno osoblje \u010dije mati\u010dno visoko u\u010dili\u0161te u idu\u0107oj godini sudjeluje u nekoj od CEEPUS mre\u017ea. Provjerite sudjeluje li Va\u0161e mati\u010dno visoko u\u010dili\u0161te u nekoj od\u00a0<a href=\"https:\/\/ampeu.hr\/files\/Mreze_web21783.pdf\" target=\"_blank\" rel=\"noopener\"><strong>CEEPUS mre\u017ea<\/strong><\/a>\u00a0te kontaktirajte CEEPUS koordinatora koji je zadu\u017een za odabir kandidata na visokom u\u010dili\u0161tu sukladno kvotama za dolaznu i odlaznu mobilnost.<\/p>\n<p>Prijava se podnosi online, putem platforme CEEPUS-a na\u00a0<a href=\"http:\/\/www.ceepus.info\/\" target=\"_blank\" rel=\"noopener\"><strong>www.ceepus.info<\/strong><\/a>\u00a0prema\u00a0<a href=\"https:\/\/ampeu.hr\/files\/Uputa-za-podno%C5%A1enje-prijava-za-mre%C5%BEnu-mobilnost-u-CEEPUS-u.pdf\" target=\"_blank\" rel=\"noopener\"><strong>sljede\u0107im uputama<\/strong><\/a>.<\/p>\n<p>Krajnji rok za podno\u0161enje online prijave za mobilnost u zimskom semestru<strong>\u00a0<\/strong>akademske godine 2022.\/2023. je\u00a0<strong>15. lipnja\u00a02022<\/strong>.<\/p>\n<p>Krajnji rok za podno\u0161enje online prijave za mobilnost u ljetnom semestru akademske godine 2022.\/2023. je\u00a0<strong>31. listopada\u00a02022<\/strong>.<\/p>","protected":false},"excerpt":{"rendered":"<p>Poziv je namijenjen \u00a0zainteresiranim kandidatima za podno\u0161enje prijava za odlaznu mobilnost u sklopu programa CEEPUS. Prijaviti se mogu studenti, doktorandi i nastavno osoblje \u010dije mati\u010dno visoko u\u010dili\u0161te u idu\u0107oj godini sudjeluje u nekoj od CEEPUS mre\u017ea. Provjerite sudjeluje li Va\u0161e mati\u010dno visoko u\u010dili\u0161te u nekoj od\u00a0CEEPUS mre\u017ea\u00a0te kontaktirajte CEEPUS koordinatora koji je zadu\u017een za odabir [&hellip;]<\/p>","protected":false},"author":2,"featured_media":8275,"comment_status":"closed","ping_status":"closed","sticky":false,"template":"","format":"standard","meta":{"_et_pb_use_builder":"","_et_pb_old_content":"","_et_gb_content_width":"","footnotes":""},"categories":[4],"tags":[],"class_list":["post-8274","post","type-post","status-publish","format-standard","has-post-thumbnail","hentry","category-vijesti"],"_links":{"self":[{"href":"https:\/\/www.ra-vsz.hr\/en\/wp-json\/wp\/v2\/posts\/8274","targetHints":{"allow":["GET"]}}],"collection":[{"href":"https:\/\/www.ra-vsz.hr\/en\/wp-json\/wp\/v2\/posts"}],"about":[{"href":"https:\/\/www.ra-vsz.hr\/en\/wp-json\/wp\/v2\/types\/post"}],"author":[{"embeddable":true,"href":"https:\/\/www.ra-vsz.hr\/en\/wp-json\/wp\/v2\/users\/2"}],"replies":[{"embeddable":true,"href":"https:\/\/www.ra-vsz.hr\/en\/wp-json\/wp\/v2\/comments?post=8274"}],"version-history":[{"count":1,"href":"https:\/\/www.ra-vsz.hr\/en\/wp-json\/wp\/v2\/posts\/8274\/revisions"}],"predecessor-version":[{"id":11119,"href":"https:\/\/www.ra-vsz.hr\/en\/wp-json\/wp\/v2\/posts\/8274\/revisions\/11119"}],"wp:featuredmedia":[{"embeddable":true,"href":"https:\/\/www.ra-vsz.hr\/en\/wp-json\/"}],"wp:attachment":[{"href":"https:\/\/www.ra-vsz.hr\/en\/wp-json\/wp\/v2\/media?parent=8274"}],"wp:term":[{"taxonomy":"category","embeddable":true,"href":"https:\/\/www.ra-vsz.hr\/en\/wp-json\/wp\/v2\/categories?post=8274"},{"taxonomy":"post_tag","embeddable":true,"href":"https:\/\/www.ra-vsz.hr\/en\/wp-json\/wp\/v2\/tags?post=8274"}],"curies":[{"name":"wp","href":"https:\/\/api.w.org\/{rel}","templated":true}]}}