{"id":8222,"date":"2022-05-31T13:47:14","date_gmt":"2022-05-31T11:47:14","guid":{"rendered":"https:\/\/www.ra-vsz.hr\/?p=8222"},"modified":"2023-02-12T17:17:58","modified_gmt":"2023-02-12T17:17:58","slug":"javni-poziv-za-sudjelovanje-u-projektu-biosigurnost-i-biozastita-skolska-godina-2022-2023","status":"publish","type":"post","link":"https:\/\/www.ra-vsz.hr\/en\/javni-poziv-za-sudjelovanje-u-projektu-biosigurnost-i-biozastita-skolska-godina-2022-2023\/","title":{"rendered":"Javni poziv za sudjelovanje u projektu Biosigurnost i bioza\u0161tita &#8211; \u0161kolska godina 2022.\/2023."},"content":{"rendered":"<p>Pozivaju se u\u010ditelji i nastavnici Biologije te u\u010ditelji i nastavnici ostalih predmeta koji pripadaju STEM podru\u010dju kao i zainteresirani stru\u010dni suradnici koji \u017eele sudjelovati u projektu Biosigurnost i bioza\u0161tita u osnovnim i srednjim \u0161kolama da se jave na navedeni javni poziv.<\/p>\n<p>Izbijanjem pandemije virusa SARS-CoV-2 uo\u010dena je va\u017enost dodatne edukacije u\u010denika, u\u010ditelja, nastavnika i stru\u010dnih suradnika o navedenom problemu. Va\u017enost promicanja vrijednosti o\u010duvanja ljudskoga zdravlja i prevencije zaraznih bolesti bio je glavni poticaj za pokretanje ovoga projekta kako bi se u osnovne i srednje \u0161kole u Republici Hrvatskoj uvelo pou\u010davanje o sadr\u017eajima vezanima uz biosigurnost i bioza\u0161titu.<\/p>\n<p>Na digitalnoj platformi su za svaki nastavni sat pripremljeni i ponu\u0111eni nastavni sadr\u017eaji i materijali potrebni za rad u\u010denika, u\u010ditelja i nastavnika, a u pripremi su i tiskani priru\u010dnici za sve tri razine pou\u010davanja.<\/p>\n<p>Projekt ima suglasnost Ministarstva znanosti i obrazovanja za provo\u0111enje u osnovnim i srednjim \u0161kolama u Republici Hrvatskoj i pozitivno mi\u0161ljenje Agencije za odgoj i obrazovanje.<\/p>\n<p>Webinar o Projektu biosigurnost i bioza\u0161tita \u0107e se odr\u017eati 29. lipnja u 10.00 sati.<\/p>\n<p>Prijavu je potrebno izvr\u0161iti na\u00a0<a href=\"https:\/\/forms.office.com\/pages\/responsepage.aspx?id=FvJamzTGgEurAgyaPQKQkdgu6XsE6zZIuMX9U_odJlFUMTFNMVhNSU9EMUJGV1k3Q0U0SE9NRjVGMi4u\" target=\"_blank\" rel=\"noopener\">poveznici.<\/a><\/p>\n<p>Mre\u017ena stranica projekta se nalazi na sljede\u0107oj\u00a0<a href=\"https:\/\/sites.google.com\/view\/projekt-biosigurnost\/po%C4%8Detna-stranica\" target=\"_blank\" rel=\"noopener\">poveznici<\/a>.<\/p>\n<p>Prijava na Javni poziv dostupna je na poveznicama:<\/p>\n<p>Osnovne \u0161kole:<br \/>\n<a href=\"https:\/\/forms.office.com\/Pages\/ResponsePage.aspx?id=FvJamzTGgEurAgyaPQKQkdgu6XsE6zZIuMX9U_odJlFUQzlEODE3S1RFS1MyUk1NMEExSkI2WjJOWi4u\" target=\"_blank\" rel=\"noopener\">Prijavni obrazac<\/a><\/p>\n<p>Srednje \u0161kole:<br \/>\n<a href=\"https:\/\/forms.office.com\/pages\/responsepage.aspx?id=FvJamzTGgEurAgyaPQKQkdgu6XsE6zZIuMX9U_odJlFUNUVZRDk0RzRBRDJHTEpEWVVGWTc3VzYxNy4u\" target=\"_blank\" rel=\"noopener\">Prijavni obrazac<\/a><\/p>\n<p>Rok za prijavu je 15. srpnja\u00a0 2022. u 23:59.<\/p>","protected":false},"excerpt":{"rendered":"<p>Pozivaju se u\u010ditelji i nastavnici Biologije te u\u010ditelji i nastavnici ostalih predmeta koji pripadaju STEM podru\u010dju kao i zainteresirani stru\u010dni suradnici koji \u017eele sudjelovati u projektu Biosigurnost i bioza\u0161tita u osnovnim i srednjim \u0161kolama da se jave na navedeni javni poziv. Izbijanjem pandemije virusa SARS-CoV-2 uo\u010dena je va\u017enost dodatne edukacije u\u010denika, u\u010ditelja, nastavnika i stru\u010dnih [&hellip;]<\/p>","protected":false},"author":2,"featured_media":8223,"comment_status":"closed","ping_status":"closed","sticky":false,"template":"","format":"standard","meta":{"_et_pb_use_builder":"","_et_pb_old_content":"","_et_gb_content_width":"","footnotes":""},"categories":[4],"tags":[],"class_list":["post-8222","post","type-post","status-publish","format-standard","has-post-thumbnail","hentry","category-vijesti"],"_links":{"self":[{"href":"https:\/\/www.ra-vsz.hr\/en\/wp-json\/wp\/v2\/posts\/8222","targetHints":{"allow":["GET"]}}],"collection":[{"href":"https:\/\/www.ra-vsz.hr\/en\/wp-json\/wp\/v2\/posts"}],"about":[{"href":"https:\/\/www.ra-vsz.hr\/en\/wp-json\/wp\/v2\/types\/post"}],"author":[{"embeddable":true,"href":"https:\/\/www.ra-vsz.hr\/en\/wp-json\/wp\/v2\/users\/2"}],"replies":[{"embeddable":true,"href":"https:\/\/www.ra-vsz.hr\/en\/wp-json\/wp\/v2\/comments?post=8222"}],"version-history":[{"count":1,"href":"https:\/\/www.ra-vsz.hr\/en\/wp-json\/wp\/v2\/posts\/8222\/revisions"}],"predecessor-version":[{"id":11114,"href":"https:\/\/www.ra-vsz.hr\/en\/wp-json\/wp\/v2\/posts\/8222\/revisions\/11114"}],"wp:featuredmedia":[{"embeddable":true,"href":"https:\/\/www.ra-vsz.hr\/en\/wp-json\/"}],"wp:attachment":[{"href":"https:\/\/www.ra-vsz.hr\/en\/wp-json\/wp\/v2\/media?parent=8222"}],"wp:term":[{"taxonomy":"category","embeddable":true,"href":"https:\/\/www.ra-vsz.hr\/en\/wp-json\/wp\/v2\/categories?post=8222"},{"taxonomy":"post_tag","embeddable":true,"href":"https:\/\/www.ra-vsz.hr\/en\/wp-json\/wp\/v2\/tags?post=8222"}],"curies":[{"name":"wp","href":"https:\/\/api.w.org\/{rel}","templated":true}]}}