{"id":8217,"date":"2022-05-31T13:42:59","date_gmt":"2022-05-31T11:42:59","guid":{"rendered":"https:\/\/www.ra-vsz.hr\/?p=8217"},"modified":"2023-02-12T17:17:48","modified_gmt":"2023-02-12T17:17:48","slug":"javni-poziv-za-prijavu-projekata-udruga-koje-osiguravaju-ukljucivanje-pomocnika-u-nastavi-strucnoga-komunikacijskog-posrednika-u-neposredan-rad-s-ucenicima-s-teskocama-u-razvoju-za-2022-2023-sk-god","status":"publish","type":"post","link":"https:\/\/www.ra-vsz.hr\/en\/javni-poziv-za-prijavu-projekata-udruga-koje-osiguravaju-ukljucivanje-pomocnika-u-nastavi-strucnoga-komunikacijskog-posrednika-u-neposredan-rad-s-ucenicima-s-teskocama-u-razvoju-za-2022-2023-sk-god\/","title":{"rendered":"Javni poziv za prijavu projekata udruga koje osiguravaju uklju\u010divanje pomo\u0107nika u nastavi\/stru\u010dnoga komunikacijskog posrednika u neposredan rad s u\u010denicima s te\u0161ko\u0107ama u razvoju za 2022.\/2023. \u0161k. god."},"content":{"rendered":"<p>Ministarstvo znanosti i obrazovanja je objavilo Javni poziv za prijavu projekata udruga koje osiguravaju uklju\u010divanje pomo\u0107nika u nastavi\/stru\u010dnoga komunikacijskog posrednika u neposredan rad s u\u010denicima s te\u0161ko\u0107ama u razvoju za 2022.\/2023. \u0161kolsku godinu.<\/p>\n<p>Pravo prijave na Javni poziv ima udruga:<\/p>\n<ul>\n<li>\u010dije je primarno djelovanje usmjereno na podru\u010dje skrbi o u\u010denicima s te\u0161ko\u0107ama u razvoju ili osobama s invaliditetom u Republici Hrvatskoj;<\/li>\n<li>koja je registrirana prema Zakonu o udrugama (Narodne novine, broj 74\/14., 70\/17. i 98\/19.) i djeluje na podru\u010dju jedinica lokalne ili podru\u010dne (regionalne) samouprave Republike Hrvatske, a u slu\u017ebi op\u0107eg\/javnog dobra i u skladu s op\u0107im vrednotama utvr\u0111enim Ustavom Republike Hrvatske;<\/li>\n<li>koja je upisana u Registar udruga Republike Hrvatske te aktivno i kontinuirano djeluje u Republici Hrvatskoj najmanje dvije (2) godine, zaklju\u010dno s danom objave natje\u010daja;<\/li>\n<li>koja ima sposobnosti (stru\u010dne, prostorne, upravlja\u010dke\/organizacijske, financijske i ostale resurse) za organizaciju uklju\u010divanja pomo\u0107nika u nastavi\/stru\u010dnoga komunikacijskog posrednika u neposredan rad s u\u010denicima s te\u0161ko\u0107ama u razvoju;<\/li>\n<li>koja uredno i transparentno vodi financijsko poslovanje;<\/li>\n<li>koja ima aktivno tijelo upravljanja (skup\u0161tinu\/sabor\/upravni odbor) koje vodi u\u010dinkovitu razvojnu politiku i administrativnu kontrolu;<\/li>\n<li>koja je projektima u prethodnom razdoblju ispunila sve ugovorne obveze prema Ministarstvu i svim drugim davateljima financijskih potpora iz Dr\u017eavnoga prora\u010duna\/javnih izvora, uklju\u010duju\u0107i i iz sredstava iz dijela prihoda od igara na sre\u0107u.<\/li>\n<\/ul>\n<p>Svaka udruga mo\u017ee prijaviti samo jedan projekt s dva ili vi\u0161e partnera, pri \u010demu je obvezno partnerstvo prijavitelja sa \u0161kolom\/\u0161kolama i osniva\u010dem \u0161kole\/\u0161kola u kojima prijavitelj osigurava uklju\u010divanje pomo\u0107nika u nastavi\/stru\u010dnoga komunikacijskog posrednika u neposredan rad s u\u010denicima s te\u0161ko\u0107ama u razvoju. Udruga mo\u017ee imati prijavljeno partnerstvo s jednom ili vi\u0161e udruga (sunositelja projekta) koje zajedno prijavom jednog projekta osiguravaju uklju\u010divanje pomo\u0107nika u nastavi\/stru\u010dnoga komunikacijskog posrednika u neposredan rad s u\u010denicima s te\u0161ko\u0107ama u razvoju.<\/p>\n<p>Trajanje predlo\u017eenih projekata ograni\u010deno je na razdoblje od 1. rujna 2022. do 1. srpnja 2023. godine.<\/p>\n<p>Za provedbu svih planiranih aktivnosti i tro\u0161kova definiranih Javnim pozivom Ministarstvo znanosti i obrazovanja osiguralo je 26.020.000,00 kn.<\/p>\n<p>Udruga mo\u017ee od Ministarstva zatra\u017eiti 100% iznosa za financiranje. Odobreni iznosi isplatit \u0107e se sukladno potpisanome ugovoru.<\/p>\n<p>Vi\u0161e informacija na sljede\u0107oj <a href=\"https:\/\/mzo.gov.hr\/javni-poziv-za-prijavu-projekata-udruga-koje-osiguravaju-ukljucivanje-pomocnika-u-nastavi-strucnoga-komunikacijskog-posrednika-u-neposredan-rad-s-ucenicima-s-teskocama-u-razvoju-za-2022-2023-sk-god\/4943\" target=\"_blank\" rel=\"noopener\">poveznici<\/a>.<\/p>","protected":false},"excerpt":{"rendered":"<p>Ministarstvo znanosti i obrazovanja je objavilo Javni poziv za prijavu projekata udruga koje osiguravaju uklju\u010divanje pomo\u0107nika u nastavi\/stru\u010dnoga komunikacijskog posrednika u neposredan rad s u\u010denicima s te\u0161ko\u0107ama u razvoju za 2022.\/2023. \u0161kolsku godinu. Pravo prijave na Javni poziv ima udruga: \u010dije je primarno djelovanje usmjereno na podru\u010dje skrbi o u\u010denicima s te\u0161ko\u0107ama u razvoju ili [&hellip;]<\/p>","protected":false},"author":2,"featured_media":8218,"comment_status":"closed","ping_status":"closed","sticky":false,"template":"","format":"standard","meta":{"_et_pb_use_builder":"","_et_pb_old_content":"","_et_gb_content_width":"","footnotes":""},"categories":[4],"tags":[],"class_list":["post-8217","post","type-post","status-publish","format-standard","has-post-thumbnail","hentry","category-vijesti"],"_links":{"self":[{"href":"https:\/\/www.ra-vsz.hr\/en\/wp-json\/wp\/v2\/posts\/8217","targetHints":{"allow":["GET"]}}],"collection":[{"href":"https:\/\/www.ra-vsz.hr\/en\/wp-json\/wp\/v2\/posts"}],"about":[{"href":"https:\/\/www.ra-vsz.hr\/en\/wp-json\/wp\/v2\/types\/post"}],"author":[{"embeddable":true,"href":"https:\/\/www.ra-vsz.hr\/en\/wp-json\/wp\/v2\/users\/2"}],"replies":[{"embeddable":true,"href":"https:\/\/www.ra-vsz.hr\/en\/wp-json\/wp\/v2\/comments?post=8217"}],"version-history":[{"count":1,"href":"https:\/\/www.ra-vsz.hr\/en\/wp-json\/wp\/v2\/posts\/8217\/revisions"}],"predecessor-version":[{"id":11113,"href":"https:\/\/www.ra-vsz.hr\/en\/wp-json\/wp\/v2\/posts\/8217\/revisions\/11113"}],"wp:featuredmedia":[{"embeddable":true,"href":"https:\/\/www.ra-vsz.hr\/en\/wp-json\/"}],"wp:attachment":[{"href":"https:\/\/www.ra-vsz.hr\/en\/wp-json\/wp\/v2\/media?parent=8217"}],"wp:term":[{"taxonomy":"category","embeddable":true,"href":"https:\/\/www.ra-vsz.hr\/en\/wp-json\/wp\/v2\/categories?post=8217"},{"taxonomy":"post_tag","embeddable":true,"href":"https:\/\/www.ra-vsz.hr\/en\/wp-json\/wp\/v2\/tags?post=8217"}],"curies":[{"name":"wp","href":"https:\/\/api.w.org\/{rel}","templated":true}]}}