{"id":8182,"date":"2022-05-25T08:18:56","date_gmt":"2022-05-25T06:18:56","guid":{"rendered":"https:\/\/www.ra-vsz.hr\/?p=8182"},"modified":"2023-02-12T17:15:45","modified_gmt":"2023-02-12T17:15:45","slug":"posjet-vrsnjackom-ucenju-u-krakovu","status":"publish","type":"post","link":"https:\/\/www.ra-vsz.hr\/en\/posjet-vrsnjackom-ucenju-u-krakovu\/","title":{"rendered":"Posjet vr\u0161nja\u010dkom u\u010denju u Krakovu"},"content":{"rendered":"<p>U okviru odr\u017eivog razvoja kulturne ba\u0161tine u praksi,<strong>\u00a0<\/strong>Krakov razvija nekoliko inicijativa kroz svoju slu\u017ebu za komunalnu kulturu i gradsku upravu za zeleni prostor, iskori\u0161tavaju\u0107i prirodnu i kulturnu ba\u0161tinu i krajolike grada. Posjet uklju\u010duje upoznavanje programa d\u017eepnih parkova \u010diji je cilj stvoriti male, prijateljske zelene povr\u0161ine za stvaranje urbanih veza s prirodnim prostorima. Ove intimne zelene povr\u0161ine nalaze se u zaboravljenim prostorima lokalnih \u010detvrti, otkrivaju\u0107i ponekad zaboravljenu kulturnu ba\u0161tinu.<\/p>\n<p>Tijekom posjeta obi\u0107i \u0107e se:<\/p>\n<ul>\n<li>Centar za ekolo\u0161ko obrazovanje Symbiosis: smje\u0161ten u povijesnoj zgradi u parku, preure\u0111en na ekolo\u0161ki prihvatljiv na\u010din. Centar nudi izlo\u017ebe i radionice stanovnicima vezano uz prirodu, ekologiju i odr\u017eivi razvoj.<\/li>\n<li>Institut za kulturu Villa Decius (IKWD) &#8211; op\u0107insku kulturnu ustanovu koja nudi izme\u0111u ostalih rezidenciju za umjetnike, te koristi kulturnu ba\u0161tinu i kulturu u korist zajednica.<\/li>\n<\/ul>\n<p>Posjet \u0107e se odr\u017eati\u00a0od<strong>\u00a031.8.- 2.9.2022. godine.<\/strong><\/p>\n<p><strong>Projekt Kulturna ba\u0161tina na djelu<\/strong>\u00a0pokriva putovanje i boravak sudionika u Krakovu. Skupinu odabranih sudionika \u010dinit \u0107e predstavnici europskih gradova i regija iz EU 27 + UK, ali je otvorena i za lokalne dionike kulturne ba\u0161tine i arhitekte.<br \/>\nTijekom posjeta vr\u0161nja\u010dkom u\u010denju mo\u0107i \u0107e se razgovarati o uspje\u0161nim lokalnim politikama i projektima, vrhunskim savjetima, problemima i neuspjesima, kao i o vlastitom lokalnom iskustvu, u privatnom i prijateljskom stru\u010dnom okru\u017eenju. Odabrani sudionici dobit \u0107e korisne informacije i ideje za pobolj\u0161anje ili pokretanje lokalnih projekata ili prijenos nekih od predstavljenih praksi.<br \/>\nOdabrani kandidati (24 po posjetu) bit \u0107e obavije\u0161teni do kraja\u00a0<u>lipnja 2022. godine.<\/u><\/p>\n<p><strong>\u00a0<\/strong><\/p>\n<p><strong>Prijaviti se mo\u017eete do 6. lipnja\u00a0<\/strong><a href=\"https:\/\/culturalheritageinaction.eu\/event\/peer-learning-visit-in-krakow\/\" target=\"_blank\" rel=\"noopener\"><strong>ovdje<\/strong><\/a><strong>.<\/strong><\/p>","protected":false},"excerpt":{"rendered":"<p>U okviru odr\u017eivog razvoja kulturne ba\u0161tine u praksi,\u00a0Krakov razvija nekoliko inicijativa kroz svoju slu\u017ebu za komunalnu kulturu i gradsku upravu za zeleni prostor, iskori\u0161tavaju\u0107i prirodnu i kulturnu ba\u0161tinu i krajolike grada. Posjet uklju\u010duje upoznavanje programa d\u017eepnih parkova \u010diji je cilj stvoriti male, prijateljske zelene povr\u0161ine za stvaranje urbanih veza s prirodnim prostorima. Ove intimne zelene [&hellip;]<\/p>","protected":false},"author":2,"featured_media":8183,"comment_status":"closed","ping_status":"closed","sticky":false,"template":"","format":"standard","meta":{"_et_pb_use_builder":"","_et_pb_old_content":"","_et_gb_content_width":"","footnotes":""},"categories":[4],"tags":[],"class_list":["post-8182","post","type-post","status-publish","format-standard","has-post-thumbnail","hentry","category-vijesti"],"_links":{"self":[{"href":"https:\/\/www.ra-vsz.hr\/en\/wp-json\/wp\/v2\/posts\/8182","targetHints":{"allow":["GET"]}}],"collection":[{"href":"https:\/\/www.ra-vsz.hr\/en\/wp-json\/wp\/v2\/posts"}],"about":[{"href":"https:\/\/www.ra-vsz.hr\/en\/wp-json\/wp\/v2\/types\/post"}],"author":[{"embeddable":true,"href":"https:\/\/www.ra-vsz.hr\/en\/wp-json\/wp\/v2\/users\/2"}],"replies":[{"embeddable":true,"href":"https:\/\/www.ra-vsz.hr\/en\/wp-json\/wp\/v2\/comments?post=8182"}],"version-history":[{"count":1,"href":"https:\/\/www.ra-vsz.hr\/en\/wp-json\/wp\/v2\/posts\/8182\/revisions"}],"predecessor-version":[{"id":11107,"href":"https:\/\/www.ra-vsz.hr\/en\/wp-json\/wp\/v2\/posts\/8182\/revisions\/11107"}],"wp:featuredmedia":[{"embeddable":true,"href":"https:\/\/www.ra-vsz.hr\/en\/wp-json\/"}],"wp:attachment":[{"href":"https:\/\/www.ra-vsz.hr\/en\/wp-json\/wp\/v2\/media?parent=8182"}],"wp:term":[{"taxonomy":"category","embeddable":true,"href":"https:\/\/www.ra-vsz.hr\/en\/wp-json\/wp\/v2\/categories?post=8182"},{"taxonomy":"post_tag","embeddable":true,"href":"https:\/\/www.ra-vsz.hr\/en\/wp-json\/wp\/v2\/tags?post=8182"}],"curies":[{"name":"wp","href":"https:\/\/api.w.org\/{rel}","templated":true}]}}