{"id":8156,"date":"2022-05-23T07:49:52","date_gmt":"2022-05-23T05:49:52","guid":{"rendered":"https:\/\/www.ra-vsz.hr\/?p=8156"},"modified":"2023-02-12T17:15:01","modified_gmt":"2023-02-12T17:15:01","slug":"europska-komisija-je-objavila-natjecaj-za-mlade-ambasadore-bioekonomije","status":"publish","type":"post","link":"https:\/\/www.ra-vsz.hr\/en\/europska-komisija-je-objavila-natjecaj-za-mlade-ambasadore-bioekonomije\/","title":{"rendered":"Europska komisija je objavila natje\u010daj za mlade ambasadore bioekonomije"},"content":{"rendered":"<p>Ambasador bioekonomije mo\u017eete postati ako ste u dobi od 18-35 godina s prebivali\u0161tem u EU-u te imate iskustvo ili interes u bioekonomskim podru\u010djima, kao \u0161to su prehrambeni sustavi, \u0161umarstvo, klimatske promjene, plava ekonomija i sl.<\/p>\n<p>Za odabrane ambasadore \u0107e se u Bruxellesu od 25. -27. \u00a0srpnja. 2022. odr\u017eati ljetni kamp.<\/p>\n<p>Odabrani ambasador \u0107e svojim primjerom voditi, informirati i inspirirati svoje zajednice o odr\u017eivoj kru\u017enoj bioekonomiji. Sudjelovat \u0107e u raznim doga\u0111anjima, uklju\u010duju\u0107i i konferenciju o bioekonomiji na visokoj razini planiranoj u listopadu, kako bi prenijeli glas mladih i bioekonomije.<\/p>\n<p>Rok prijave je do 13. lipnja 2022. godine.<\/p>\n<p>Vi\u0161e informacija o natje\u010daju mo\u017eete pro\u010ditati\u00a0<a href=\"https:\/\/ec.europa.eu\/info\/news\/become-bioeconomy-youth-ambassador-2022-may-05_hr\" target=\"_blank\" rel=\"noopener\">OVDJE.<\/a><\/p>","protected":false},"excerpt":{"rendered":"<p>Ambasador bioekonomije mo\u017eete postati ako ste u dobi od 18-35 godina s prebivali\u0161tem u EU-u te imate iskustvo ili interes u bioekonomskim podru\u010djima, kao \u0161to su prehrambeni sustavi, \u0161umarstvo, klimatske promjene, plava ekonomija i sl. Za odabrane ambasadore \u0107e se u Bruxellesu od 25. -27. \u00a0srpnja. 2022. odr\u017eati ljetni kamp. Odabrani ambasador \u0107e svojim primjerom [&hellip;]<\/p>","protected":false},"author":2,"featured_media":8157,"comment_status":"closed","ping_status":"closed","sticky":false,"template":"","format":"standard","meta":{"_et_pb_use_builder":"","_et_pb_old_content":"","_et_gb_content_width":"","footnotes":""},"categories":[4],"tags":[],"class_list":["post-8156","post","type-post","status-publish","format-standard","has-post-thumbnail","hentry","category-vijesti"],"_links":{"self":[{"href":"https:\/\/www.ra-vsz.hr\/en\/wp-json\/wp\/v2\/posts\/8156","targetHints":{"allow":["GET"]}}],"collection":[{"href":"https:\/\/www.ra-vsz.hr\/en\/wp-json\/wp\/v2\/posts"}],"about":[{"href":"https:\/\/www.ra-vsz.hr\/en\/wp-json\/wp\/v2\/types\/post"}],"author":[{"embeddable":true,"href":"https:\/\/www.ra-vsz.hr\/en\/wp-json\/wp\/v2\/users\/2"}],"replies":[{"embeddable":true,"href":"https:\/\/www.ra-vsz.hr\/en\/wp-json\/wp\/v2\/comments?post=8156"}],"version-history":[{"count":1,"href":"https:\/\/www.ra-vsz.hr\/en\/wp-json\/wp\/v2\/posts\/8156\/revisions"}],"predecessor-version":[{"id":11103,"href":"https:\/\/www.ra-vsz.hr\/en\/wp-json\/wp\/v2\/posts\/8156\/revisions\/11103"}],"wp:featuredmedia":[{"embeddable":true,"href":"https:\/\/www.ra-vsz.hr\/en\/wp-json\/"}],"wp:attachment":[{"href":"https:\/\/www.ra-vsz.hr\/en\/wp-json\/wp\/v2\/media?parent=8156"}],"wp:term":[{"taxonomy":"category","embeddable":true,"href":"https:\/\/www.ra-vsz.hr\/en\/wp-json\/wp\/v2\/categories?post=8156"},{"taxonomy":"post_tag","embeddable":true,"href":"https:\/\/www.ra-vsz.hr\/en\/wp-json\/wp\/v2\/tags?post=8156"}],"curies":[{"name":"wp","href":"https:\/\/api.w.org\/{rel}","templated":true}]}}