{"id":8150,"date":"2022-05-20T14:38:43","date_gmt":"2022-05-20T12:38:43","guid":{"rendered":"https:\/\/www.ra-vsz.hr\/?p=8150"},"modified":"2023-02-12T17:14:44","modified_gmt":"2023-02-12T17:14:44","slug":"europski-grad-znanosti-2022","status":"publish","type":"post","link":"https:\/\/www.ra-vsz.hr\/en\/europski-grad-znanosti-2022\/","title":{"rendered":"Europski grad znanosti 2022."},"content":{"rendered":"<p>Europska komisija i grad Leiden \u2013 <strong>Europski grad znanosti 2022.<\/strong>\u00a0objavili su poziv za podno\u0161enje prijava za\u00a0<a href=\"https:\/\/talenton.eu\/\" target=\"_blank\" rel=\"noopener\"><strong>EU TalentON<\/strong><\/a>, novi doga\u0111aj koji izaziva mlade, akademske talente da prona\u0111u rje\u0161enja koja doprinose ciljevima pet misija EU iz\u00a0<a href=\"https:\/\/ec.europa.eu\/info\/research-and-innovation\/funding\/funding-opportunities\/funding-programmes-and-open-calls\/horizon-europe_en\" target=\"_blank\" rel=\"noopener\">Horizon Europe<\/a>\u00a0.<\/p>\n<p>\u010cetverodnevni doga\u0111aj okuplja istra\u017eiva\u010de u ranoj karijeri u dobi od 21 do 30 godina i sadr\u017ei opse\u017ean program koji su kreirali akademska zajednica, poduzetnici i industrija.<\/p>\n<p>Podijeljeni u male timove, mladi akademski talenti dobit \u0107e potrebne alate za stvaranje inovativnih i tr\u017ei\u0161nih rje\u0161enja s dru\u0161tvenim utjecajem, kao i radionice, posjete tvrtkama, predavanja, kreativno vodstvo i kulturna iskustva.\u00a0Na kraju doga\u0111aja svaki tim \u0107e svoje rje\u0161enje predstaviti stru\u010dnom \u017eiriju i javnosti.\u00a0Pobjednici \u0107e dobiti sponzorirane nagrade od EU, industrije i mentora.<\/p>\n<p>Svaki tim \u0107e se usredoto\u010diti na izazov vezan uz jednu od\u00a0<a href=\"https:\/\/ec.europa.eu\/info\/research-and-innovation\/funding\/funding-opportunities\/funding-programmes-and-open-calls\/horizon-europe\/eu-missions-horizon-europe_en\" target=\"_blank\" rel=\"noopener\"><strong>pet misija EU-a<\/strong><\/a>.\u00a0Ovi novi alati\u00a0<strong>Horizon Europe<\/strong>\u00a0podupiru istra\u017eivanja u pronala\u017eenju odgovora na neke od najve\u0107ih izazova s \u200b\u200bkojima se danas suo\u010davamo: borba protiv raka, prilagodba klimatskim promjenama, za\u0161tita oceana, mora i voda, \u017eivot u zelenijim gradovima i osiguravanje zdravog tla i hrane.\u00a0Misije postavljaju jasne ciljeve koje treba posti\u0107i do 2030. One osiguravaju prave uvjete i financiranje kako bi omogu\u0107ili istra\u017eiva\u010dima, inovatorima, kreatorima politika, tvrtkama i gra\u0111anima da djeluju zajedno.<\/p>\n<p><strong>EU TalentON<\/strong>\u00a0podr\u017eava Radni program Horizon Europe &#8216;Pro\u0161irivanje sudjelovanja i ja\u010danje europskog istra\u017eiva\u010dkog prostora&#8217;.\u00a0Svi tro\u0161kovi sudionika, uklju\u010duju\u0107i put, smje\u0161taj i po\u0161tu bit \u0107e pokriveni.<\/p>\n<p>Istra\u017eiva\u010di u ranoj karijeri mogu\u00a0<a href=\"https:\/\/www.lorentzcenter.nl\/site\/index.php?conFormulierId=692&amp;pntType=ConStap&amp;id=1098&amp;pntHandler=Page\" target=\"_blank\" rel=\"noopener\"><strong>se prijaviti<\/strong><\/a>\u00a0za pridru\u017eivanje\u00a0<strong>EU TalentON<\/strong>.<\/p>\n<p>Prijave se zatvaraju\u00a0<strong>1.7.2022.<\/strong><\/p>\n<p><strong>\u00a0<\/strong><\/p>\n<p><a href=\"http:\/\/www.talenton.eu\/\" target=\"_blank\" rel=\"noopener\"><strong>Vi\u0161e informacija<\/strong><\/a><\/p>","protected":false},"excerpt":{"rendered":"<p>Europska komisija i grad Leiden \u2013 Europski grad znanosti 2022.\u00a0objavili su poziv za podno\u0161enje prijava za\u00a0EU TalentON, novi doga\u0111aj koji izaziva mlade, akademske talente da prona\u0111u rje\u0161enja koja doprinose ciljevima pet misija EU iz\u00a0Horizon Europe\u00a0. \u010cetverodnevni doga\u0111aj okuplja istra\u017eiva\u010de u ranoj karijeri u dobi od 21 do 30 godina i sadr\u017ei opse\u017ean program koji su [&hellip;]<\/p>","protected":false},"author":2,"featured_media":8151,"comment_status":"closed","ping_status":"closed","sticky":false,"template":"","format":"standard","meta":{"_et_pb_use_builder":"","_et_pb_old_content":"","_et_gb_content_width":"","footnotes":""},"categories":[4],"tags":[],"class_list":["post-8150","post","type-post","status-publish","format-standard","has-post-thumbnail","hentry","category-vijesti"],"_links":{"self":[{"href":"https:\/\/www.ra-vsz.hr\/en\/wp-json\/wp\/v2\/posts\/8150","targetHints":{"allow":["GET"]}}],"collection":[{"href":"https:\/\/www.ra-vsz.hr\/en\/wp-json\/wp\/v2\/posts"}],"about":[{"href":"https:\/\/www.ra-vsz.hr\/en\/wp-json\/wp\/v2\/types\/post"}],"author":[{"embeddable":true,"href":"https:\/\/www.ra-vsz.hr\/en\/wp-json\/wp\/v2\/users\/2"}],"replies":[{"embeddable":true,"href":"https:\/\/www.ra-vsz.hr\/en\/wp-json\/wp\/v2\/comments?post=8150"}],"version-history":[{"count":1,"href":"https:\/\/www.ra-vsz.hr\/en\/wp-json\/wp\/v2\/posts\/8150\/revisions"}],"predecessor-version":[{"id":11102,"href":"https:\/\/www.ra-vsz.hr\/en\/wp-json\/wp\/v2\/posts\/8150\/revisions\/11102"}],"wp:featuredmedia":[{"embeddable":true,"href":"https:\/\/www.ra-vsz.hr\/en\/wp-json\/"}],"wp:attachment":[{"href":"https:\/\/www.ra-vsz.hr\/en\/wp-json\/wp\/v2\/media?parent=8150"}],"wp:term":[{"taxonomy":"category","embeddable":true,"href":"https:\/\/www.ra-vsz.hr\/en\/wp-json\/wp\/v2\/categories?post=8150"},{"taxonomy":"post_tag","embeddable":true,"href":"https:\/\/www.ra-vsz.hr\/en\/wp-json\/wp\/v2\/tags?post=8150"}],"curies":[{"name":"wp","href":"https:\/\/api.w.org\/{rel}","templated":true}]}}