{"id":8145,"date":"2022-05-20T11:42:19","date_gmt":"2022-05-20T09:42:19","guid":{"rendered":"https:\/\/www.ra-vsz.hr\/?p=8145"},"modified":"2023-02-12T17:14:32","modified_gmt":"2023-02-12T17:14:32","slug":"otvoren-life-natjecaj-za-2022-godinu","status":"publish","type":"post","link":"https:\/\/www.ra-vsz.hr\/en\/otvoren-life-natjecaj-za-2022-godinu\/","title":{"rendered":"Otvoren LIFE natje\u010daj za 2022. godinu"},"content":{"rendered":"<p>Europska komisija objavila je natje\u010daj za Program LIFE za 2022. godinu u okviru kojega su dostupna sredstva u iznosu od\u00a0<strong>598 milijuna eura<\/strong>\u00a0za provedbu projekata iz 4 potprograma:<\/p>\n<p><strong>&#8211; Priroda i bioraznolikost<\/strong>\u00a0(242 mil. eura)<\/p>\n<p><strong>&#8211; Kru\u017eno gospodarstvo i kvaliteta \u017eivota<\/strong>\u00a0(158 mil. eura)<\/p>\n<p><strong>&#8211; Ubla\u017eavanje klimatskih promjena i prilagodba tim promjenama<\/strong>\u00a0(99 mil. eura)<\/p>\n<p><strong>&#8211; Prijelaz na \u010distu energiju<\/strong>\u00a0(98 mil. eura).<\/p>\n<p>Na program LIFE mogu se prijaviti sve pravne osobe registrirane na podru\u010dju Europske unije,\u00a0kao i fizi\u010dke osobe koje imaju registriranu djelatnost (poput obrtnika, trgovaca pojedinaca, nositelja OPG-a i dr.).<\/p>\n<p>LIFE pozivi za projektne prijedloge u 2022. dostupni su na portalu\u00a0<a href=\"https:\/\/ec.europa.eu\/info\/funding-tenders\/opportunities\/portal\/screen\/opportunities\/topic-search;callCode=null;freeTextSearchKeyword=LIFE;matchWholeText=true;typeCodes=1,0;statusCodes=31094502;programmePeriod=null;programCcm2Id=null;programDivisionCode=null;focusAreaCode=null;destination=null;mission=null;geographicalZonesCode=null;programmeDivisionProspect=null;startDateLte=null;startDateGte=null;crossCuttingPriorityCode=null;cpvCode=null;performanceOfDelivery=null;sortQuery=sortStatus;orderBy=asc;onlyTenders=false;topicListKey=topicSearchTablePageState\" target=\"_blank\" rel=\"noopener\"><strong>Funding &amp; Tenders opportunities<\/strong><\/a>\u00a0Europske komisije. Podr\u0161ka za upotrebu novog portala mo\u017ee se na\u0107i na sljede\u0107em linku:\u00a0<a href=\"https:\/\/cinea.ec.europa.eu\/life\/life-support-applicants_en\" target=\"_blank\" rel=\"noopener\">https:\/\/cinea.ec.europa.eu\/life\/life-support-applicants_en<\/a>.<\/p>\n<p>Nacionalna kontakt to\u010dka za Program LIFE u suradnji s CINEA-om\u00a0<strong>25. svibnja 2022.<\/strong>\u00a0organizira nacionalni\u00a0<strong>Info dan<\/strong>\u00a0povodom objave LIFE natje\u010daja za 2022. u trajanju od\u00a0<strong>10:00 \u2013 14:30 h\u00a0<\/strong>u\u00a0konferencijskoj dvorani\u00a0<strong>Tehnike d.d. u Zagrebu,\u00a0<\/strong>na adresi\u00a0Ulica grada Vukovara 274<strong>,\u00a0<\/strong>a interaktivni prijenos bit \u0107e osiguran putem platforme\u00a0<strong>ZOOM.<\/strong><\/p>\n<p>Mo\u017eete sudjelovati na LIFE info danu, registrirati se mo\u017eete putem\u00a0<a href=\"https:\/\/us06web.zoom.us\/webinar\/register\/8516514934339\/WN_igJy5U4ZS-mk3usN-o7T3w\" target=\"_blank\" rel=\"noopener\"><strong>POVEZNICE<\/strong><\/a><strong>,\u00a0<\/strong>a vi\u0161e o samom Info danu pro\u010ditajte<a href=\"https:\/\/lifeprogramhrvatska.hr\/hr\/dogadanja\/life-info-dan-objava-life-natjecaja-za-2022\/\" target=\"_blank\" rel=\"noopener\"><strong>\u00a0ovdje<\/strong><\/a><strong>.<\/strong><\/p>\n<p>U donjoj tablici navedene su prijavne faze te rokovi prijave za pojedine potprograme i vrste projekata.<\/p>\n<table width=\"673\">\n<tbody>\n<tr>\n<td width=\"47\"><strong>#<\/strong><\/td>\n<td width=\"104\"><strong>Potprogram<\/strong><\/td>\n<td width=\"123\"><strong>Akcija<\/strong><\/td>\n<td width=\"95\"><strong>Objava<\/strong><\/td>\n<td width=\"255\"><strong>Rok za prijavu<\/strong><\/td>\n<\/tr>\n<tr>\n<td width=\"47\">1.<\/td>\n<td width=\"104\">NAT<\/td>\n<td width=\"123\">Priroda i bioraznolikost \u2013\u00a0<strong>Standardni projekti djelovanja (SAP)<\/strong><\/td>\n<td width=\"95\">17.5.2022.<\/td>\n<td width=\"255\">04.10.2022.<\/td>\n<\/tr>\n<tr>\n<td width=\"47\">2.<\/td>\n<td width=\"104\">ENV<\/td>\n<td width=\"123\">Kru\u017eno gospodarstvo i kvaliteta \u2013\u00a0<strong>Standardni projekti djelovanja (SAP<\/strong>)<\/td>\n<td width=\"95\">17.5.2022.<\/td>\n<td width=\"255\">04.10.2022.<\/td>\n<\/tr>\n<tr>\n<td width=\"47\">3.<\/td>\n<td width=\"104\">CLIMA<\/td>\n<td width=\"123\">Klimatske promjene \u2013\u00a0<strong>Standardni projekti djelovanja (SAP)<\/strong><\/td>\n<td width=\"95\">17.5.2022.<\/td>\n<td width=\"255\">04.10.2022.<\/td>\n<\/tr>\n<tr>\n<td width=\"47\">4.<\/td>\n<td width=\"104\">NAT<\/td>\n<td width=\"123\">Priroda i bioraznolikost \u2013\u00a0<strong>Strate\u0161ki projekti za prirodu (SNAP)<\/strong><\/td>\n<td width=\"95\">17.5.2022.<\/td>\n<td width=\"255\">08.09.2022. (koncept projektnog prijedloga)<\/p>\n<p>30.03.2023. (puni projektni prijedlog)<\/td>\n<\/tr>\n<tr>\n<td width=\"47\">5.<\/td>\n<td width=\"104\">ENV<\/td>\n<td width=\"123\">Kru\u017eno gospodarstvo i kvaliteta \u017eivota \u2013\u00a0<strong>Strate\u0161ki integrirani projekti (SIP)<\/strong><\/td>\n<td width=\"95\">17.5.2022.<\/td>\n<td width=\"255\">08.09.2022. (koncept projektnog prijedloga)<\/p>\n<p>30.03.2023. (puni projektni prijedlog)<\/td>\n<\/tr>\n<tr>\n<td width=\"47\">6.<\/td>\n<td width=\"104\">CLIMA<\/td>\n<td width=\"123\">Klimatske promjene \u2013\u00a0<strong>Strate\u0161ki integrirani projekti (SIP)<\/strong><\/td>\n<td width=\"95\">17.5.2022.<\/td>\n<td width=\"255\">08.09.2022. (koncept projektnog prijedloga)<\/p>\n<p>30.03.2023. (puni projektni prijedlog)<\/td>\n<\/tr>\n<tr>\n<td width=\"47\">7.<\/td>\n<td width=\"104\">CET<\/td>\n<td width=\"123\">Prijelaz na \u010distu energiju \u2013\u00a0<strong>Akcije koordinacije i podr\u0161ke (CSA)<\/strong><\/td>\n<td width=\"95\">17.5.2022.<\/td>\n<td width=\"255\">16.11.2022.<\/td>\n<\/tr>\n<tr>\n<td width=\"47\">8.<\/td>\n<td width=\"104\">NAT ENV CLIMA<\/td>\n<td width=\"123\"><strong>Tehni\u010dka podr\u0161ka za pripremu strate\u0161kih projekata (TA)<\/strong><\/td>\n<td width=\"95\">17.5.2022.<\/td>\n<td width=\"255\">08.09.2022.<\/td>\n<\/tr>\n<\/tbody>\n<\/table>","protected":false},"excerpt":{"rendered":"<p>Europska komisija objavila je natje\u010daj za Program LIFE za 2022. godinu u okviru kojega su dostupna sredstva u iznosu od\u00a0598 milijuna eura\u00a0za provedbu projekata iz 4 potprograma: &#8211; Priroda i bioraznolikost\u00a0(242 mil. eura) &#8211; Kru\u017eno gospodarstvo i kvaliteta \u017eivota\u00a0(158 mil. eura) &#8211; Ubla\u017eavanje klimatskih promjena i prilagodba tim promjenama\u00a0(99 mil. eura) &#8211; Prijelaz na \u010distu [&hellip;]<\/p>","protected":false},"author":2,"featured_media":8146,"comment_status":"closed","ping_status":"closed","sticky":false,"template":"","format":"standard","meta":{"_et_pb_use_builder":"","_et_pb_old_content":"","_et_gb_content_width":"","footnotes":""},"categories":[4],"tags":[],"class_list":["post-8145","post","type-post","status-publish","format-standard","has-post-thumbnail","hentry","category-vijesti"],"_links":{"self":[{"href":"https:\/\/www.ra-vsz.hr\/en\/wp-json\/wp\/v2\/posts\/8145","targetHints":{"allow":["GET"]}}],"collection":[{"href":"https:\/\/www.ra-vsz.hr\/en\/wp-json\/wp\/v2\/posts"}],"about":[{"href":"https:\/\/www.ra-vsz.hr\/en\/wp-json\/wp\/v2\/types\/post"}],"author":[{"embeddable":true,"href":"https:\/\/www.ra-vsz.hr\/en\/wp-json\/wp\/v2\/users\/2"}],"replies":[{"embeddable":true,"href":"https:\/\/www.ra-vsz.hr\/en\/wp-json\/wp\/v2\/comments?post=8145"}],"version-history":[{"count":1,"href":"https:\/\/www.ra-vsz.hr\/en\/wp-json\/wp\/v2\/posts\/8145\/revisions"}],"predecessor-version":[{"id":11101,"href":"https:\/\/www.ra-vsz.hr\/en\/wp-json\/wp\/v2\/posts\/8145\/revisions\/11101"}],"wp:featuredmedia":[{"embeddable":true,"href":"https:\/\/www.ra-vsz.hr\/en\/wp-json\/"}],"wp:attachment":[{"href":"https:\/\/www.ra-vsz.hr\/en\/wp-json\/wp\/v2\/media?parent=8145"}],"wp:term":[{"taxonomy":"category","embeddable":true,"href":"https:\/\/www.ra-vsz.hr\/en\/wp-json\/wp\/v2\/categories?post=8145"},{"taxonomy":"post_tag","embeddable":true,"href":"https:\/\/www.ra-vsz.hr\/en\/wp-json\/wp\/v2\/tags?post=8145"}],"curies":[{"name":"wp","href":"https:\/\/api.w.org\/{rel}","templated":true}]}}