{"id":8128,"date":"2022-05-18T14:41:25","date_gmt":"2022-05-18T12:41:25","guid":{"rendered":"https:\/\/www.ra-vsz.hr\/?p=8128"},"modified":"2023-02-12T17:14:02","modified_gmt":"2023-02-12T17:14:02","slug":"poziv-za-prijavu-projekata-usmjerenih-na-poboljsanje-materijalnih-uvjeta-u-djecjim-vrticima-u-2022-g","status":"publish","type":"post","link":"https:\/\/www.ra-vsz.hr\/en\/poziv-za-prijavu-projekata-usmjerenih-na-poboljsanje-materijalnih-uvjeta-u-djecjim-vrticima-u-2022-g\/","title":{"rendered":"Poziv za prijavu projekata usmjerenih na pobolj\u0161anje materijalnih uvjeta u dje\u010djim vrti\u0107ima u 2022. g."},"content":{"rendered":"<p>Sredi\u0161nji dr\u017eavni ured za demografiju i mlade je 18. svibnja 2022. objavio\u00a0 Poziv za prijavu projekata usmjerenih na pobolj\u0161anje materijalnih uvjeta u dje\u010djim vrti\u0107ima u 2022. godini.<\/p>\n<p>Poziv se raspisuje u svrhu osiguravanja financijskih sredstava za projekte ulaganja u objekte dje\u010djih vrti\u0107a usmjerenih na pobolj\u0161anje materijalnih uvjeta kao i podizanju kvalitete pedago\u0161kih standarda te ubla\u017eavanja postoje\u0107ih regionalnih nejednakosti.<\/p>\n<p>Poziv \u0107e biti otvoren 30 dana od dana objave Poziva na mre\u017enim strancima <a href=\"https:\/\/demografijaimladi.gov.hr\/vijesti-4693\/poziv-za-prijavu-projekata-usmjerenih-na-poboljsanje-materijalnih-uvjeta-u-djecjim-vrticima-u-2022-g\/6502\" target=\"_blank\" rel=\"noopener\">Sredi\u0161njeg dr\u017eavnog ureda za demografiju i mlade.<\/a><\/p>","protected":false},"excerpt":{"rendered":"<p>Sredi\u0161nji dr\u017eavni ured za demografiju i mlade je 18. svibnja 2022. objavio\u00a0 Poziv za prijavu projekata usmjerenih na pobolj\u0161anje materijalnih uvjeta u dje\u010djim vrti\u0107ima u 2022. godini. Poziv se raspisuje u svrhu osiguravanja financijskih sredstava za projekte ulaganja u objekte dje\u010djih vrti\u0107a usmjerenih na pobolj\u0161anje materijalnih uvjeta kao i podizanju kvalitete pedago\u0161kih standarda te ubla\u017eavanja [&hellip;]<\/p>","protected":false},"author":2,"featured_media":8129,"comment_status":"closed","ping_status":"closed","sticky":false,"template":"","format":"standard","meta":{"_et_pb_use_builder":"","_et_pb_old_content":"","_et_gb_content_width":"","footnotes":""},"categories":[4],"tags":[],"class_list":["post-8128","post","type-post","status-publish","format-standard","has-post-thumbnail","hentry","category-vijesti"],"_links":{"self":[{"href":"https:\/\/www.ra-vsz.hr\/en\/wp-json\/wp\/v2\/posts\/8128","targetHints":{"allow":["GET"]}}],"collection":[{"href":"https:\/\/www.ra-vsz.hr\/en\/wp-json\/wp\/v2\/posts"}],"about":[{"href":"https:\/\/www.ra-vsz.hr\/en\/wp-json\/wp\/v2\/types\/post"}],"author":[{"embeddable":true,"href":"https:\/\/www.ra-vsz.hr\/en\/wp-json\/wp\/v2\/users\/2"}],"replies":[{"embeddable":true,"href":"https:\/\/www.ra-vsz.hr\/en\/wp-json\/wp\/v2\/comments?post=8128"}],"version-history":[{"count":1,"href":"https:\/\/www.ra-vsz.hr\/en\/wp-json\/wp\/v2\/posts\/8128\/revisions"}],"predecessor-version":[{"id":11098,"href":"https:\/\/www.ra-vsz.hr\/en\/wp-json\/wp\/v2\/posts\/8128\/revisions\/11098"}],"wp:featuredmedia":[{"embeddable":true,"href":"https:\/\/www.ra-vsz.hr\/en\/wp-json\/"}],"wp:attachment":[{"href":"https:\/\/www.ra-vsz.hr\/en\/wp-json\/wp\/v2\/media?parent=8128"}],"wp:term":[{"taxonomy":"category","embeddable":true,"href":"https:\/\/www.ra-vsz.hr\/en\/wp-json\/wp\/v2\/categories?post=8128"},{"taxonomy":"post_tag","embeddable":true,"href":"https:\/\/www.ra-vsz.hr\/en\/wp-json\/wp\/v2\/tags?post=8128"}],"curies":[{"name":"wp","href":"https:\/\/api.w.org\/{rel}","templated":true}]}}