{"id":8123,"date":"2022-05-17T14:09:48","date_gmt":"2022-05-17T12:09:48","guid":{"rendered":"https:\/\/www.ra-vsz.hr\/?p=8123"},"modified":"2023-02-12T17:13:49","modified_gmt":"2023-02-12T17:13:49","slug":"povecan-proracun-programa-obzor-europa","status":"publish","type":"post","link":"https:\/\/www.ra-vsz.hr\/en\/povecan-proracun-programa-obzor-europa\/","title":{"rendered":"Pove\u0107an prora\u010dun programa Obzor Europa"},"content":{"rendered":"<p>Pove\u0107an je prora\u010dun programa <strong>Obzor Europa<\/strong>\u00a0za vi\u0161e od pola milijarde\u00a0eura za potporu zelenim, zdravstvenim i digitalnim inovacijama.<\/p>\n<p>Komisija je donijela izmjenu Programa rada\u00a0<a href=\"https:\/\/ec.europa.eu\/info\/research-and-innovation\/funding\/funding-opportunities\/funding-programmes-and-open-calls\/horizon-europe_en\" target=\"_blank\" rel=\"noopener\"><strong>Obzora Europa<\/strong><\/a>\u00a0za razdoblje 2021. \u2013 2022. kojom je prora\u010dun pove\u0107an za gotovo\u00a0<strong>562 milijuna eura<\/strong>\u00a0kako bi se dodatno\u00a0<a href=\"https:\/\/ec.europa.eu\/info\/research-and-innovation\/funding\/funding-opportunities\/funding-programmes-and-open-calls\/horizon-europe\/eu-missions-horizon-europe_en\" target=\"_blank\" rel=\"noopener\">poduprle misije EU-a<\/a>\u00a0u smjeru inovativnih rje\u0161enja za zelene, zdravstvene i digitalne izazove te vi\u0161e mjera za poticanje europskog inovacijskog ekosustava. Prora\u010dun programa za 2021. i 2022. sada dose\u017ee ukupno gotovo\u00a0<strong>16 milijardi eura<\/strong>.\u00a0Od dodatno odobrenog iznosa,<strong>\u00a0507,1 milijun eura<\/strong>\u00a0namijenjeno je za\u00a0<strong>pet misija EU-a<\/strong>, \u0161to je nov i inovativan na\u010din za dono\u0161enje rje\u0161enja za neke od na\u0161ih najve\u0107ih izazova u suradnji s ljudima u Europi i \u0161ire.\u00a0One su\u00a0<a href=\"https:\/\/ec.europa.eu\/commission\/presscorner\/detail\/en\/IP_21_4747\" target=\"_blank\" rel=\"noopener\">pokrenute u rujnu 2021.<\/a>, a cilj im je posti\u0107i ambiciozne ciljeve u podru\u010dju zdravlja, klime i okoli\u0161a do 2030. Do\u00a0<a href=\"https:\/\/ec.europa.eu\/info\/research-and-innovation\/events\/upcoming-events\/horizon-europe-info-days\/eu-missions_en\" target=\"_blank\" rel=\"noopener\">2030. bit \u0107e 17 novih poziva<\/a>\u00a0koji obuhva\u0107aju misiju Rak, misiju Dogovor o tlu za Europu, misiju Prilagodba klimatskim promjenama i misiju Obnovimo na\u0161e oceane i vode. To uklju\u010duje zajedni\u010dki poziv koji obuhva\u0107a potonje dvije misije, kao i dodatne mjere za potporu svih pet misija, uklju\u010duju\u0107i\u00a0<a href=\"https:\/\/ec.europa.eu\/commission\/presscorner\/detail\/en\/IP_22_2591\" target=\"_blank\" rel=\"noopener\">misiju Gradova<\/a>.<\/p>\n<p>Nakon ruske invazije na Ukrajinu, amandman uklju\u010duje i mjere za potporu istra\u017eiva\u010dima koji su prethodno bili aktivni u Ukrajini. U okviru novog programa\u00a0<a href=\"https:\/\/marie-sklodowska-curie-actions.ec.europa.eu\/news\/msca4ukraine-scheme-to-support-researchers-from-ukraine\" target=\"_blank\" rel=\"noopener\">MSCA4Ukraine<\/a>, koji je dio aktivnosti Marie Sk\u0142odowska-Curie (MSCA), te \u0107e\u00a0<strong>25 milijuna eura<\/strong>\u00a0omogu\u0107it raseljenim istra\u017eiva\u010dima nastavak \u00a0rada u akademskoj ili neakademskoj organizaciji doma\u0107ina u dr\u017eavama \u010dlanicama EU-a ili zemljama povezanima s programom Obzor Europa. Tako\u0111er,\u00a0\u00a0pru\u017eit \u0107e im se potpora u ponovnom uspostavljanju u Ukrajini kada to postane mogu\u0107e radi obnove istra\u017eiva\u010dkih i inovacijskih kapaciteta zemlje (<a href=\"https:\/\/ec.europa.eu\/commission\/presscorner\/detail\/en\/ip_22_2943\" target=\"_blank\" rel=\"noopener\">priop\u0107enje za javnost<\/a>). Stotine ukrajinskih znanstvenika tako\u0111er \u0107e mo\u0107i iskoristiti pove\u0107ani prora\u010dun od\u00a0<strong>1 milijun eura<\/strong>\u00a0za Znanstveni program za ljudske granice za inicijativu &#8220;znanstvenici poma\u017eu znanstvenicima<strong>&#8220;,<\/strong>\u00a0u sklopu Klastera 1 &#8220;Zdravlje&#8221; Obzora Europa.<\/p>\n<p>Nadalje, izmjenom se dodaje nekoliko novih mjera za potporu europskom inovacijskom potencijalu. Kad je rije\u010d o programu\u00a0<strong>Obzor Europa<\/strong>, europskim inovacijskim ekosustavima, nastavit \u0107e se program\u00a0<a href=\"https:\/\/eic.ec.europa.eu\/eic-funding-opportunities\/european-innovation-ecosystems\/women-techeu_en\" target=\"_blank\" rel=\"noopener\"><strong>WomenTechEU<\/strong><\/a><strong>\u00a0<\/strong>s utrostru\u010denjem prora\u010duna &#8211;\u00a0<strong>10 milijuna eura<\/strong>\u00a0za potporu vi\u0161e od 100 novoosnovanih poduze\u0107a pod vodstvom \u017eena u ovoj godini i novom akcijom za stvaranje i njegovanje an\u0111ela koji ula\u017eu u EU &#8211;\u00a0<strong>2 milijuna eura<\/strong>. Kada je rije\u010d o skupini 2 &#8220;Kultura, kreativnost i uklju\u010divo dru\u0161tvo&#8221;, to uklju\u010duje potporu stvaranju platformi za suradnju i mre\u017ea za kulturu i kreativne industrije &#8211;\u00a0<strong>6 milijuna eura<\/strong>, procjenu socijalnog u\u010dinka politika zelene tranzicije &#8211;\u00a0<strong>3 milijuna eura<\/strong>\u00a0i inovativna rje\u0161enja za budu\u0107nost demokracije &#8211;\u00a0<strong>3 milijuna eura<\/strong> te potporu opservatoriju za inovacije u javnom sektoru &#8211;\u00a0<strong>1,5 milijuna eura<\/strong>. Dodane su i druge manje prilagodbe programa rada za ukupno &#8211;\u00a0<strong>3,2 milijuna eura<\/strong>.<\/p>\n<p>Prvi krug poziva otvoren je<strong> 12. svibnja 2022. godine, <\/strong>a drugi se otvara<strong> 24. svibnja 2022. godine.<\/strong><\/p>\n<p>Podjela prora\u010duna za misije EU-a za 2022.<\/p>\n<ul>\n<li><strong>Misija Prilagodba klimatskim promjenama<\/strong>\u00a0ulo\u017eit \u0107e\u00a0<strong>126,2 milijuna eura<\/strong>. To uklju\u010duje doprinos zajedni\u010dkom pozivu s misijom Obnova na\u0161ih oceana i voda do 2030. kako bi se stvorila zajedni\u010dka demonstracija otpornosti obale u arkti\u010dkom i atlantskom morskom bazenu. Misija prilagodba klimatskim promjenama poduprijet \u0107e 2022. razvoj i testiranje rje\u0161enja za klju\u010dna podru\u010dja pogo\u0111ena klimatskim promjenama.<\/li>\n<li><strong>Misija<em>\u00a0<\/em>Rak<\/strong>\u00a0ulo\u017eit \u0107e\u00a0<strong>129,56<\/strong>\u00a0milijuna eura u pobolj\u0161anje i unapre\u0111enje primarne prevencije raka, ja\u010danje istra\u017eiva\u010dkih kapaciteta sveobuhvatne infrastrukture za rak i stvaranje klini\u010dkih ispitivanja za optimizaciju lije\u010denja pacijenata s refraktornim \u00a0karcinomom.<\/li>\n<li><strong>Misija Obnova na\u0161ih oceana i voda<\/strong>\u00a0koristit \u0107e prora\u010dun od\u00a0<strong>117,9 milijuna eura<\/strong>. To uklju\u010duje doprinos zajedni\u010dkom pozivu s misijom Prilagodba klimatskim promjenama radi za\u0161tite i obnove morskih i slatkovodnih ekosustava i biolo\u0161ke raznolikosti, spre\u010davanja i uklanjanja one\u010di\u0161\u0107enja oceana, mora i voda, stvaranja odr\u017eivog, uglji\u010dno neutralnog i kru\u017enog plavog gospodarstva.<\/li>\n<li><strong>Misija Sporazum o tlu za Europu<\/strong>\u00a0iskoristit \u0107e prora\u010dun od\u00a0<strong>95 milijuna eura<\/strong>\u00a0za stvaranje, me\u0111u ostalim, novog repozitorija znanja misije, istra\u017eivanje uloge biolo\u0161ke raznolikosti tla u uslugama ekosustava, utvr\u0111ivanje strategija za dekontaminaciju zemlji\u0161ta i ponovnu uporabu.<\/li>\n<\/ul>\n<p>Mjere za potporu\u00a0<strong>Misiji za klimatski neutralne i pametne gradove<\/strong>, s prora\u010dunom od\u00a0<strong>119,37 milijuna eura\u00a0<\/strong>u 2022., ve\u0107 su uklju\u010dene u izmjenu Programa rada koja je donesena u prosincu 2021. godine. U ovoj izmjeni prora\u010dun za klimatski neutralnu platformu misije i platforme za pametne gradove pove\u0107an je za gotovo\u00a0<strong>6,25 milijuna eura<\/strong>\u00a0kako bi se pru\u017eila dodatna potpora\u00a0<a href=\"https:\/\/ec.europa.eu\/commission\/presscorner\/detail\/en\/IP_22_2591\" target=\"_blank\" rel=\"noopener\">gradovima odabranima za pridru\u017eivanje misiji<\/a>.<\/p>\n<p><a href=\"https:\/\/ec.europa.eu\/commission\/presscorner\/detail\/en\/IP_22_2843\" target=\"_blank\" rel=\"noopener\">Vi\u0161e informacija<\/a><\/p>","protected":false},"excerpt":{"rendered":"<p>Pove\u0107an je prora\u010dun programa Obzor Europa\u00a0za vi\u0161e od pola milijarde\u00a0eura za potporu zelenim, zdravstvenim i digitalnim inovacijama. Komisija je donijela izmjenu Programa rada\u00a0Obzora Europa\u00a0za razdoblje 2021. \u2013 2022. kojom je prora\u010dun pove\u0107an za gotovo\u00a0562 milijuna eura\u00a0kako bi se dodatno\u00a0poduprle misije EU-a\u00a0u smjeru inovativnih rje\u0161enja za zelene, zdravstvene i digitalne izazove te vi\u0161e mjera za poticanje [&hellip;]<\/p>","protected":false},"author":2,"featured_media":8124,"comment_status":"closed","ping_status":"closed","sticky":false,"template":"","format":"standard","meta":{"_et_pb_use_builder":"","_et_pb_old_content":"","_et_gb_content_width":"","footnotes":""},"categories":[4],"tags":[],"class_list":["post-8123","post","type-post","status-publish","format-standard","has-post-thumbnail","hentry","category-vijesti"],"_links":{"self":[{"href":"https:\/\/www.ra-vsz.hr\/en\/wp-json\/wp\/v2\/posts\/8123","targetHints":{"allow":["GET"]}}],"collection":[{"href":"https:\/\/www.ra-vsz.hr\/en\/wp-json\/wp\/v2\/posts"}],"about":[{"href":"https:\/\/www.ra-vsz.hr\/en\/wp-json\/wp\/v2\/types\/post"}],"author":[{"embeddable":true,"href":"https:\/\/www.ra-vsz.hr\/en\/wp-json\/wp\/v2\/users\/2"}],"replies":[{"embeddable":true,"href":"https:\/\/www.ra-vsz.hr\/en\/wp-json\/wp\/v2\/comments?post=8123"}],"version-history":[{"count":1,"href":"https:\/\/www.ra-vsz.hr\/en\/wp-json\/wp\/v2\/posts\/8123\/revisions"}],"predecessor-version":[{"id":11097,"href":"https:\/\/www.ra-vsz.hr\/en\/wp-json\/wp\/v2\/posts\/8123\/revisions\/11097"}],"wp:featuredmedia":[{"embeddable":true,"href":"https:\/\/www.ra-vsz.hr\/en\/wp-json\/"}],"wp:attachment":[{"href":"https:\/\/www.ra-vsz.hr\/en\/wp-json\/wp\/v2\/media?parent=8123"}],"wp:term":[{"taxonomy":"category","embeddable":true,"href":"https:\/\/www.ra-vsz.hr\/en\/wp-json\/wp\/v2\/categories?post=8123"},{"taxonomy":"post_tag","embeddable":true,"href":"https:\/\/www.ra-vsz.hr\/en\/wp-json\/wp\/v2\/tags?post=8123"}],"curies":[{"name":"wp","href":"https:\/\/api.w.org\/{rel}","templated":true}]}}