{"id":8078,"date":"2022-05-13T14:37:40","date_gmt":"2022-05-13T12:37:40","guid":{"rendered":"https:\/\/www.ra-vsz.hr\/?p=8078"},"modified":"2023-02-12T17:13:01","modified_gmt":"2023-02-12T17:13:01","slug":"poziv-socijalne-inovacije-za-pravednu-zelenu-i-digitalnu-tranziciju-esf-2022-soc-innov","status":"publish","type":"post","link":"https:\/\/www.ra-vsz.hr\/en\/poziv-socijalne-inovacije-za-pravednu-zelenu-i-digitalnu-tranziciju-esf-2022-soc-innov\/","title":{"rendered":"Poziv &#8211; Socijalne inovacije za pravednu zelenu i digitalnu tranziciju (ESF-2022-SOC-INNOV)"},"content":{"rendered":"<p>Cilj novog poziva &#8211; <strong>Socijalne inovacije za pravednu zelenu i digitalnu tranziciju<\/strong>\u00a0je financirati 15 do 20 projekata kojima se razvijaju i testiraju integrirani i uklju\u010divi pristupi socijalnim inovacijama za promicanje pravedne zelene i digitalne tranzicije.<\/p>\n<p>Namijeniv\u0161i\u00a0<strong>ukupni prora\u010dun<\/strong>\u00a0od\u00a0<strong>10 milijuna EUR<\/strong>, poziv je dio potprograma EaSI Europskog socijalnog fonda+ (ESF+).<\/p>\n<p>Aktivnosti koje \u0107e se financirati raznolike su kao izgradnja kapaciteta, osvije\u0161tenost i komunikacija, razvoj i testiranje inovativnih pristupa za suzbijanje energetskog i prometnog siroma\u0161tva, ja\u010danje zapo\u0161ljivosti ranjivih skupina u zelenom i digitalnom gospodarstvu i mnogih drugih.<\/p>\n<p>Projekti u okviru ovog poziva pridonijet \u0107e:<\/p>\n<ul>\n<li>promicanje provedbe 20. na\u010dela europskog stupa socijalnog prava u klju\u010dnim uslugama, uklju\u010duju\u0107i energetiku, mobilnost i digitalne komunikacije, u kontekstu zelene i digitalne tranzicije<\/li>\n<li>utvrditi i rije\u0161iti (ponovne) potrebe za vje\u0161tinama i (ponovnim) osposobljavanjem koje proizlaze iz novih, zelenih ili digitalnih proizvoda, usluga ili tehnologija<\/li>\n<li>poticanje dru\u0161tvenog prihva\u0107anja i\/ili promjena u pona\u0161anju za odr\u017eivije poslovne modele, obrasce potro\u0161nje i\/ili na\u010dine prijevoza<\/li>\n<li>razviti putove odr\u017eivosti i alate za transformaciju za aktere socijalne ekonomije<\/li>\n<li>prilagoditi rje\u0161enja odre\u0111enim kontekstima po\u010dev\u0161i od op\u0107ih modela, kao \u0161to su npr. makrorazinska rje\u0161enja za prilagodbu klimatskim promjenama, do drugih, poslovnih ili lokalnih okru\u017eenja.<\/li>\n<\/ul>\n<p><strong>Prihvatljivi prijavitelji moraju biti:\u00a0<\/strong><\/p>\n<ul>\n<li>pravne osobe (javna ili privatna tijela)\n<ul>\n<li>dr\u017eava \u010dlanica EU-a ili<\/li>\n<li>zemlje koje nisu \u010dlanice EU-a (zemlje EGP-a i zemlje ESF+\u00a0ili\u00a0zemlje koje su u tijeku u pregovorima za sporazum o pridru\u017eivanju i u kojima sporazum stupa na snagu prije potpisivanja bespovratnih sredstava)<\/li>\n<li>zemlje pristupnice, zemlje kandidati i potencijalni kandidati,\u00a0u skladu s \u010dlankom 29. Uredbe o ESF+<\/li>\n<\/ul>\n<\/li>\n<li>neprofitne organizacije (privatne ili javne), tijela javne vlasti (nacionalna, regionalna, lokalna), me\u0111unarodne organizacije, sveu\u010dili\u0161ta, obrazovne institucija, istra\u017eiva\u010dkih centara ili tvrtke<\/li>\n<li>dru\u0161tvene partnerske organizacije na europskoj, nacionalnoj ili regionalnoj razini.<\/li>\n<\/ul>\n<p>Ukupni prora\u010dun:\u00a0<strong>10 milijuna eura.<\/strong><\/p>\n<p>Rok za prijavu:\u00a0<strong>2. kolovoza 2022. godine.<\/strong><\/p>\n<p><a href=\"https:\/\/ec.europa.eu\/info\/funding-tenders\/opportunities\/docs\/2021-2027\/esf\/wp-call\/2022\/call-fiche_esf-2022-soc-innov_en.pdf\" target=\"_blank\" rel=\"noopener\"><strong>Dokument poziva<\/strong><\/a><\/p>\n<p><a href=\"https:\/\/ec.europa.eu\/info\/funding-tenders\/opportunities\/portal\/screen\/opportunities\/topic-details\/esf-2022-soc-innov;callCode=null;freeTextSearchKeyword=;matchWholeText=true;typeCodes=1,0;statusCodes=31094501,31094502,31094503;programmePeriod=2021%20-%202027;programCcm2Id=43254019;programDivisionCode=43254027;focusAreaCode=null;destination=null;mission=null;geographicalZonesCode=null;programmeDivisionProspect=null;startDateLte=null;startDateGte=null;crossCuttingPriorityCode=null;cpvCode=null;per\" target=\"_blank\" rel=\"noopener\"><strong>Slu\u017ebeni poziv<\/strong><\/a><\/p>","protected":false},"excerpt":{"rendered":"<p>Cilj novog poziva &#8211; Socijalne inovacije za pravednu zelenu i digitalnu tranziciju\u00a0je financirati 15 do 20 projekata kojima se razvijaju i testiraju integrirani i uklju\u010divi pristupi socijalnim inovacijama za promicanje pravedne zelene i digitalne tranzicije. Namijeniv\u0161i\u00a0ukupni prora\u010dun\u00a0od\u00a010 milijuna EUR, poziv je dio potprograma EaSI Europskog socijalnog fonda+ (ESF+). Aktivnosti koje \u0107e se financirati raznolike su [&hellip;]<\/p>","protected":false},"author":2,"featured_media":8079,"comment_status":"closed","ping_status":"closed","sticky":false,"template":"","format":"standard","meta":{"_et_pb_use_builder":"","_et_pb_old_content":"","_et_gb_content_width":"","footnotes":""},"categories":[4],"tags":[],"class_list":["post-8078","post","type-post","status-publish","format-standard","has-post-thumbnail","hentry","category-vijesti"],"_links":{"self":[{"href":"https:\/\/www.ra-vsz.hr\/en\/wp-json\/wp\/v2\/posts\/8078","targetHints":{"allow":["GET"]}}],"collection":[{"href":"https:\/\/www.ra-vsz.hr\/en\/wp-json\/wp\/v2\/posts"}],"about":[{"href":"https:\/\/www.ra-vsz.hr\/en\/wp-json\/wp\/v2\/types\/post"}],"author":[{"embeddable":true,"href":"https:\/\/www.ra-vsz.hr\/en\/wp-json\/wp\/v2\/users\/2"}],"replies":[{"embeddable":true,"href":"https:\/\/www.ra-vsz.hr\/en\/wp-json\/wp\/v2\/comments?post=8078"}],"version-history":[{"count":1,"href":"https:\/\/www.ra-vsz.hr\/en\/wp-json\/wp\/v2\/posts\/8078\/revisions"}],"predecessor-version":[{"id":11093,"href":"https:\/\/www.ra-vsz.hr\/en\/wp-json\/wp\/v2\/posts\/8078\/revisions\/11093"}],"wp:featuredmedia":[{"embeddable":true,"href":"https:\/\/www.ra-vsz.hr\/en\/wp-json\/"}],"wp:attachment":[{"href":"https:\/\/www.ra-vsz.hr\/en\/wp-json\/wp\/v2\/media?parent=8078"}],"wp:term":[{"taxonomy":"category","embeddable":true,"href":"https:\/\/www.ra-vsz.hr\/en\/wp-json\/wp\/v2\/categories?post=8078"},{"taxonomy":"post_tag","embeddable":true,"href":"https:\/\/www.ra-vsz.hr\/en\/wp-json\/wp\/v2\/tags?post=8078"}],"curies":[{"name":"wp","href":"https:\/\/api.w.org\/{rel}","templated":true}]}}