{"id":8058,"date":"2022-05-13T12:01:52","date_gmt":"2022-05-13T10:01:52","guid":{"rendered":"https:\/\/www.ra-vsz.hr\/?p=8058"},"modified":"2023-02-12T17:11:14","modified_gmt":"2023-02-12T17:11:14","slug":"natjecaj-za-potporu-medunarodnoj-suradnji-osnovnih-i-srednjih-skola-u-skolskoj-godini-2022-2023","status":"publish","type":"post","link":"https:\/\/www.ra-vsz.hr\/en\/natjecaj-za-potporu-medunarodnoj-suradnji-osnovnih-i-srednjih-skola-u-skolskoj-godini-2022-2023\/","title":{"rendered":"Natje\u010daj za potporu me\u0111unarodnoj suradnji osnovnih i srednjih \u0161kola u \u0161kolskoj godini 2022.\/2023."},"content":{"rendered":"<p>Ministarstvo znanosti i obrazovanja raspisuje Natje\u010daj za potporu me\u0111unarodnoj suradnji osnovnih i srednjih \u0161kola u \u0161kolskoj godini 2022.\/2023.<\/p>\n<p>Svrha natje\u010daja je ja\u010danje prekograni\u010dne suradnje \u0161kola, razvijanje inovativnih pristupa pou\u010davanju i obrazovanju o europskim vrijednostima te suradnja s u\u010denicima pripadnicima hrvatske manjine u inozemstvu.<\/p>\n<p>Projektne aktivnosti mogu sadr\u017eavati razmjenu u\u010denika, posjete, me\u0111unarodnu prezentaciju nacionalnih i kulturnih dobara i sli\u010dno.<\/p>\n<p>U ovom ciklusu natje\u010daja Ministarstvo ne financira dnevnice u\u010ditelja i nastavnika.<\/p>\n<p>Na natje\u010daj se ne mogu prijaviti projekti koji ve\u0107 ostvaruju financiranje u sklopu Erasmus+ programa ili nekog drugog programa u podru\u010dju obrazovanja, osposobljavanja, mladih i sporta.<\/p>\n<p>\u0160kola mo\u017ee prijaviti samo jedan projekt. Maksimalan iznos pojedina\u010dne potpore je 20.000 kn.<\/p>\n<p>Rok za podno\u0161enje prijava je 17. lipnja 2022. godine.<\/p>\n<p>Vi\u0161e informacija na sljede\u0107oj <a href=\"https:\/\/mzo.gov.hr\/istaknute-teme\/natjecaji-196\/natjecaj-za-potporu-medjunarodnoj-suradnji-osnovnih-i-srednjih-skola-u-skolskoj-godini-2022-2023\/4924\" target=\"_blank\" rel=\"noopener\">poveznici<\/a>.<\/p>","protected":false},"excerpt":{"rendered":"<p>Ministarstvo znanosti i obrazovanja raspisuje Natje\u010daj za potporu me\u0111unarodnoj suradnji osnovnih i srednjih \u0161kola u \u0161kolskoj godini 2022.\/2023. Svrha natje\u010daja je ja\u010danje prekograni\u010dne suradnje \u0161kola, razvijanje inovativnih pristupa pou\u010davanju i obrazovanju o europskim vrijednostima te suradnja s u\u010denicima pripadnicima hrvatske manjine u inozemstvu. Projektne aktivnosti mogu sadr\u017eavati razmjenu u\u010denika, posjete, me\u0111unarodnu prezentaciju nacionalnih i kulturnih [&hellip;]<\/p>","protected":false},"author":2,"featured_media":8059,"comment_status":"closed","ping_status":"closed","sticky":false,"template":"","format":"standard","meta":{"_et_pb_use_builder":"","_et_pb_old_content":"","_et_gb_content_width":"","footnotes":""},"categories":[4],"tags":[],"class_list":["post-8058","post","type-post","status-publish","format-standard","has-post-thumbnail","hentry","category-vijesti"],"_links":{"self":[{"href":"https:\/\/www.ra-vsz.hr\/en\/wp-json\/wp\/v2\/posts\/8058","targetHints":{"allow":["GET"]}}],"collection":[{"href":"https:\/\/www.ra-vsz.hr\/en\/wp-json\/wp\/v2\/posts"}],"about":[{"href":"https:\/\/www.ra-vsz.hr\/en\/wp-json\/wp\/v2\/types\/post"}],"author":[{"embeddable":true,"href":"https:\/\/www.ra-vsz.hr\/en\/wp-json\/wp\/v2\/users\/2"}],"replies":[{"embeddable":true,"href":"https:\/\/www.ra-vsz.hr\/en\/wp-json\/wp\/v2\/comments?post=8058"}],"version-history":[{"count":1,"href":"https:\/\/www.ra-vsz.hr\/en\/wp-json\/wp\/v2\/posts\/8058\/revisions"}],"predecessor-version":[{"id":11090,"href":"https:\/\/www.ra-vsz.hr\/en\/wp-json\/wp\/v2\/posts\/8058\/revisions\/11090"}],"wp:featuredmedia":[{"embeddable":true,"href":"https:\/\/www.ra-vsz.hr\/en\/wp-json\/"}],"wp:attachment":[{"href":"https:\/\/www.ra-vsz.hr\/en\/wp-json\/wp\/v2\/media?parent=8058"}],"wp:term":[{"taxonomy":"category","embeddable":true,"href":"https:\/\/www.ra-vsz.hr\/en\/wp-json\/wp\/v2\/categories?post=8058"},{"taxonomy":"post_tag","embeddable":true,"href":"https:\/\/www.ra-vsz.hr\/en\/wp-json\/wp\/v2\/tags?post=8058"}],"curies":[{"name":"wp","href":"https:\/\/api.w.org\/{rel}","templated":true}]}}