{"id":8051,"date":"2022-05-12T13:48:57","date_gmt":"2022-05-12T11:48:57","guid":{"rendered":"https:\/\/www.ra-vsz.hr\/?p=8051"},"modified":"2023-02-12T17:11:00","modified_gmt":"2023-02-12T17:11:00","slug":"program-veleposlanici-mladih-za-biogospodarstvo","status":"publish","type":"post","link":"https:\/\/www.ra-vsz.hr\/en\/program-veleposlanici-mladih-za-biogospodarstvo\/","title":{"rendered":"Program &#8211; Veleposlanici mladih za biogospodarstvo"},"content":{"rendered":"<p><strong>Veleposlanici mladih za biogospodarstvo<\/strong>\u00a0vode svojim primjerom, informiraju i nadahnjuju svoje zajednice o odr\u017eivom kru\u017enom biogospodarstvu i podru\u010djima povezanima s biogospodarstvom (npr. prehrambeni sustavi, \u0161umarstvo, poljoprivreda, ribarstvo, biorazredni sektori, biolo\u0161ki sektori, prirodna rje\u0161enja, plavo biogospodarstvo, ruralni razvoj, usluge ekosustava, klimatske promjene, biotehnologija&#8230;).<\/p>\n<p><strong>Veleposlanici mladih za biogospodarstvo<\/strong>\u00a0posve\u0107eni su pojedinci ili grupe pojedinaca koji \u017eele doprijeti do zajednica, studenata i civilnog dru\u0161tva te uklju\u010diti donositelje odluka u cilju podizanja svijesti na dru\u0161tvenim mre\u017eama kako bi pove\u0107ali svijest o ulozi biogospodarstva u sva\u010dijem \u017eivotu.<\/p>\n<p>Oni se obra\u0107aju zajednicama mladih i podupiru teku\u0107e procese Europske unije povezane s mladima i obrazovanjem.<\/p>\n<p>O\u010dekuje se da \u0107e\u00a0<strong>veleposlanici mladih za biogospodarstvo<\/strong>\u00a0preuzeti mandat do\u00a0<strong>dvije godine<\/strong>.<\/p>\n<p><strong>Veleposlanici<\/strong>\u00a0\u0107e:<\/p>\n<ul>\n<li>sudjelovati u ljetnom kampu od\u00a0<strong>25.<\/strong>\u00a0do\u00a0<strong>27. srpnja 2022.<\/strong>\u00a0u\u00a0<strong>Bruxellesu<\/strong><\/li>\n<\/ul>\n<ul>\n<li>sudjelovati na konferenciji o bioekonomiji na visokoj razini koja \u0107e se odr\u017eati od\u00a0<strong>6<\/strong>. do\u00a0<strong>7. listopada 2022.<\/strong>\u00a0u\u00a0<strong>Bruxellesu<\/strong><\/li>\n<\/ul>\n<ul>\n<li>podr\u017eati Europsku komisiju u osmi\u0161ljavanju sadr\u017eaja za sjednice i pridonijeti uvodima i zaklju\u010dcima sjednice.<\/li>\n<\/ul>\n<p><strong>Veleposlanik<\/strong>\u00a0mo\u017ee biti poduzetnik, inovator, u\u010denik srednje \u0161kole, fakulteta, sveu\u010dili\u0161ta ili strukovne \u0161kole, umjetnik, stru\u010dnjak, istra\u017eiva\u010d i akademik, kreator politike, voditelj neprofitne organizacije, novinar, utjecajni na dru\u0161tvenim mre\u017eama:<\/p>\n<ul>\n<li>dobar je komunikator i spreman je koristiti blogove\/videozapise\/postove na dru\u0161tvenim medijima\/izvedbe i pisane \u010dlanke za podizanje svijesti o bioekonomiji<\/li>\n<li>ugodan je u javnom govoru ili izra\u017eavanju svojih stavova koherentno u pisanom ili bilo kojem drugom obliku izra\u017eavanja<\/li>\n<li>te\u010dno komunicira na engleskom jeziku<\/li>\n<li>mo\u017ee biti pojedinac ili grupa pojedinaca (maksimalno 3 osobe mogu predstavljati grupu)<\/li>\n<li>ima izme\u0111u 18-35 godina<\/li>\n<li>ima legalan boravak u jednoj od 27 zemalja EU<\/li>\n<li>predan je davanju vremena programu Ambasador.<\/li>\n<\/ul>\n<p>Ukoliko \u017eelite postati\u00a0<strong>veleposlanik<\/strong>\u00a0prijavite se do\u00a0<strong>13. lipnja<\/strong>\u00a0<strong>2022. godine<\/strong>, 23:59 CET, sa svojim\u00a0<strong>\u017eivotopisom i\u00a0<\/strong><a href=\"https:\/\/ec.europa.eu\/eusurvey\/runner\/BioeYouthAmbassador\" target=\"_blank\" rel=\"noopener\"><strong>ispunite obrazac za prijavu<\/strong><\/a>.<\/p>\n<p>Odabrani veleposlanici mladih bit \u0107e obavije\u0161teni do kraja lipnja.<\/p>","protected":false},"excerpt":{"rendered":"<p>Veleposlanici mladih za biogospodarstvo\u00a0vode svojim primjerom, informiraju i nadahnjuju svoje zajednice o odr\u017eivom kru\u017enom biogospodarstvu i podru\u010djima povezanima s biogospodarstvom (npr. prehrambeni sustavi, \u0161umarstvo, poljoprivreda, ribarstvo, biorazredni sektori, biolo\u0161ki sektori, prirodna rje\u0161enja, plavo biogospodarstvo, ruralni razvoj, usluge ekosustava, klimatske promjene, biotehnologija&#8230;). Veleposlanici mladih za biogospodarstvo\u00a0posve\u0107eni su pojedinci ili grupe pojedinaca koji \u017eele doprijeti do zajednica, [&hellip;]<\/p>","protected":false},"author":2,"featured_media":8052,"comment_status":"closed","ping_status":"closed","sticky":false,"template":"","format":"standard","meta":{"_et_pb_use_builder":"","_et_pb_old_content":"","_et_gb_content_width":"","footnotes":""},"categories":[4],"tags":[],"class_list":["post-8051","post","type-post","status-publish","format-standard","has-post-thumbnail","hentry","category-vijesti"],"_links":{"self":[{"href":"https:\/\/www.ra-vsz.hr\/en\/wp-json\/wp\/v2\/posts\/8051","targetHints":{"allow":["GET"]}}],"collection":[{"href":"https:\/\/www.ra-vsz.hr\/en\/wp-json\/wp\/v2\/posts"}],"about":[{"href":"https:\/\/www.ra-vsz.hr\/en\/wp-json\/wp\/v2\/types\/post"}],"author":[{"embeddable":true,"href":"https:\/\/www.ra-vsz.hr\/en\/wp-json\/wp\/v2\/users\/2"}],"replies":[{"embeddable":true,"href":"https:\/\/www.ra-vsz.hr\/en\/wp-json\/wp\/v2\/comments?post=8051"}],"version-history":[{"count":1,"href":"https:\/\/www.ra-vsz.hr\/en\/wp-json\/wp\/v2\/posts\/8051\/revisions"}],"predecessor-version":[{"id":11089,"href":"https:\/\/www.ra-vsz.hr\/en\/wp-json\/wp\/v2\/posts\/8051\/revisions\/11089"}],"wp:featuredmedia":[{"embeddable":true,"href":"https:\/\/www.ra-vsz.hr\/en\/wp-json\/"}],"wp:attachment":[{"href":"https:\/\/www.ra-vsz.hr\/en\/wp-json\/wp\/v2\/media?parent=8051"}],"wp:term":[{"taxonomy":"category","embeddable":true,"href":"https:\/\/www.ra-vsz.hr\/en\/wp-json\/wp\/v2\/categories?post=8051"},{"taxonomy":"post_tag","embeddable":true,"href":"https:\/\/www.ra-vsz.hr\/en\/wp-json\/wp\/v2\/tags?post=8051"}],"curies":[{"name":"wp","href":"https:\/\/api.w.org\/{rel}","templated":true}]}}