{"id":8040,"date":"2022-05-12T13:35:41","date_gmt":"2022-05-12T11:35:41","guid":{"rendered":"https:\/\/www.ra-vsz.hr\/?p=8040"},"modified":"2023-02-12T17:10:49","modified_gmt":"2023-02-12T17:10:49","slug":"odrzan-sajam-eu-projekata-u-iloku","status":"publish","type":"post","link":"https:\/\/www.ra-vsz.hr\/en\/odrzan-sajam-eu-projekata-u-iloku\/","title":{"rendered":"Odr\u017ean Sajam EU projekata u Iloku"},"content":{"rendered":"<p>Danas se u Iloku, povodom obilje\u017eavanja EU tjedna, odr\u017eava \u201eSajam EU projekata\u201c. Na Sajmu sudjeluje i Razvojna agencija Vukovarsko-srijemske \u017eupanije koja \u0107e gra\u0111ane informirati o EU projektima, otvorenim pozivima za prijavu projekata i ostalim aktivnostima iz djelokruga rada Razvojne agencije Vukovarsko-srijemske \u017eupanije. Gra\u0111ani \u0107e sudjelovanjem u nagradnoj pitalici \u201eKviz Dan Europe\u201c mo\u0107i osvojiti i vrijedne nagrade.<\/p>\n<p>U okviru EU tjedna u najavi je odr\u017eavanje \u201eSajma EU projekata\u201c i u ostalim gradovima na podru\u010dju Vukovarsko-srijemske \u017eupanije, a navedene aktivnosti Razvojna agencija Vukovarsko-srijemske \u017eupanije provodi u okviru projekta \u201eESI fondovima do odr\u017eivog razvoja Vukovarsko-srijemske \u017eupanije II\u201c.<\/p>","protected":false},"excerpt":{"rendered":"<p>Danas se u Iloku, povodom obilje\u017eavanja EU tjedna, odr\u017eava \u201eSajam EU projekata\u201c. Na Sajmu sudjeluje i Razvojna agencija Vukovarsko-srijemske \u017eupanije koja \u0107e gra\u0111ane informirati o EU projektima, otvorenim pozivima za prijavu projekata i ostalim aktivnostima iz djelokruga rada Razvojne agencije Vukovarsko-srijemske \u017eupanije. Gra\u0111ani \u0107e sudjelovanjem u nagradnoj pitalici \u201eKviz Dan Europe\u201c mo\u0107i osvojiti i vrijedne [&hellip;]<\/p>","protected":false},"author":2,"featured_media":8043,"comment_status":"closed","ping_status":"closed","sticky":false,"template":"","format":"standard","meta":{"_et_pb_use_builder":"","_et_pb_old_content":"","_et_gb_content_width":"","footnotes":""},"categories":[4],"tags":[],"class_list":["post-8040","post","type-post","status-publish","format-standard","has-post-thumbnail","hentry","category-vijesti"],"_links":{"self":[{"href":"https:\/\/www.ra-vsz.hr\/en\/wp-json\/wp\/v2\/posts\/8040","targetHints":{"allow":["GET"]}}],"collection":[{"href":"https:\/\/www.ra-vsz.hr\/en\/wp-json\/wp\/v2\/posts"}],"about":[{"href":"https:\/\/www.ra-vsz.hr\/en\/wp-json\/wp\/v2\/types\/post"}],"author":[{"embeddable":true,"href":"https:\/\/www.ra-vsz.hr\/en\/wp-json\/wp\/v2\/users\/2"}],"replies":[{"embeddable":true,"href":"https:\/\/www.ra-vsz.hr\/en\/wp-json\/wp\/v2\/comments?post=8040"}],"version-history":[{"count":1,"href":"https:\/\/www.ra-vsz.hr\/en\/wp-json\/wp\/v2\/posts\/8040\/revisions"}],"predecessor-version":[{"id":11088,"href":"https:\/\/www.ra-vsz.hr\/en\/wp-json\/wp\/v2\/posts\/8040\/revisions\/11088"}],"wp:featuredmedia":[{"embeddable":true,"href":"https:\/\/www.ra-vsz.hr\/en\/wp-json\/"}],"wp:attachment":[{"href":"https:\/\/www.ra-vsz.hr\/en\/wp-json\/wp\/v2\/media?parent=8040"}],"wp:term":[{"taxonomy":"category","embeddable":true,"href":"https:\/\/www.ra-vsz.hr\/en\/wp-json\/wp\/v2\/categories?post=8040"},{"taxonomy":"post_tag","embeddable":true,"href":"https:\/\/www.ra-vsz.hr\/en\/wp-json\/wp\/v2\/tags?post=8040"}],"curies":[{"name":"wp","href":"https:\/\/api.w.org\/{rel}","templated":true}]}}