{"id":8034,"date":"2022-05-12T08:07:04","date_gmt":"2022-05-12T06:07:04","guid":{"rendered":"https:\/\/www.ra-vsz.hr\/?p=8034"},"modified":"2023-02-12T17:10:37","modified_gmt":"2023-02-12T17:10:37","slug":"objava-poziva-na-dostavu-projektnih-prijedloga-zazeli-program-zaposljavanja-zena-faza-iii","status":"publish","type":"post","link":"https:\/\/www.ra-vsz.hr\/en\/objava-poziva-na-dostavu-projektnih-prijedloga-zazeli-program-zaposljavanja-zena-faza-iii\/","title":{"rendered":"Objava Poziva na dostavu projektnih prijedloga \u201eZa\u017eeli \u2013 program zapo\u0161ljavanja \u017eena \u2013 faza III\u201c"},"content":{"rendered":"<p>Ministarstvo rada, mirovinskoga sustava, obitelji i socijalne politike objavilo je dana 11. svibnja 2022. godine Poziv \u201eZa\u017eeli \u2013 program zapo\u0161ljavanja \u017eena \u2013 faza III\u201c, kojim \u0107e se nastaviti financiranje zapo\u0161ljavanja te\u017ee zapo\u0161ljivih \u017eena za pru\u017eanje potpore i podr\u0161ke za starije i\/ili nemo\u0107ne osobe. Pozivom \u0107e se osigurati prijelazno razdoblje do usvajanja novog programa ESF+ u okviru novog financijskog razdoblja 2021.-2027.<\/p>\n<p>Projektne prijedloge \u0107e biti mogu\u0107e podnositi od\u00a0srijede, 25. svibnja 2022.\u00a0godine\u00a0od\u00a09:00 sati, a Poziv \u0107e biti otvoren\u00a0do iscrpljenja dostupne financijske omotnice\u00a0ili najkasnije do srijede, 31. kolovoza 2022. (ovisno \u0161to prije nastupi).<\/p>\n<p>Trajanje\u00a0provedbe projekata u okviru\u00a0faze III\u00a0je do\u00a0osam mjeseci, u okviru \u010dega \u0107e se zapo\u0161ljavati \u017eene u trajanju do\u00a0\u0161est mjeseci\u00a0za pru\u017eanje usluge krajnjim korisnicima.<\/p>\n<p>Uz jedinice lokalne i regionalne samouprave, prijavitelji mogu biti neprofitne organizacije koje u Statutu ili drugom temeljnom aktu imaju predvi\u0111eno djelovanje vezano uz obavljanje socijalne djelatnosti.<br \/>\nVi\u0161e informacija o prijavi i potrebnim dokumentima dostupno je na slu\u017ebenoj stranici Europskog socijalnog fonda u Hrvatskoj\u00a0<a href=\"http:\/\/www.esf.hr\/\" target=\"_blank\" rel=\"noopener\">http:\/\/www.esf.hr\/<\/a>\u00a0i stranici Europskih strukturnih i investicijskih fondova\u00a0<a href=\"https:\/\/strukturnifondovi.hr\/\" target=\"_blank\" rel=\"noopener\">https:\/\/strukturnifondovi.hr\/<\/a>.<\/p>","protected":false},"excerpt":{"rendered":"<p>Ministarstvo rada, mirovinskoga sustava, obitelji i socijalne politike objavilo je dana 11. svibnja 2022. godine Poziv \u201eZa\u017eeli \u2013 program zapo\u0161ljavanja \u017eena \u2013 faza III\u201c, kojim \u0107e se nastaviti financiranje zapo\u0161ljavanja te\u017ee zapo\u0161ljivih \u017eena za pru\u017eanje potpore i podr\u0161ke za starije i\/ili nemo\u0107ne osobe. Pozivom \u0107e se osigurati prijelazno razdoblje do usvajanja novog programa ESF+ u [&hellip;]<\/p>","protected":false},"author":2,"featured_media":8035,"comment_status":"closed","ping_status":"closed","sticky":false,"template":"","format":"standard","meta":{"_et_pb_use_builder":"","_et_pb_old_content":"","_et_gb_content_width":"","footnotes":""},"categories":[4],"tags":[],"class_list":["post-8034","post","type-post","status-publish","format-standard","has-post-thumbnail","hentry","category-vijesti"],"_links":{"self":[{"href":"https:\/\/www.ra-vsz.hr\/en\/wp-json\/wp\/v2\/posts\/8034","targetHints":{"allow":["GET"]}}],"collection":[{"href":"https:\/\/www.ra-vsz.hr\/en\/wp-json\/wp\/v2\/posts"}],"about":[{"href":"https:\/\/www.ra-vsz.hr\/en\/wp-json\/wp\/v2\/types\/post"}],"author":[{"embeddable":true,"href":"https:\/\/www.ra-vsz.hr\/en\/wp-json\/wp\/v2\/users\/2"}],"replies":[{"embeddable":true,"href":"https:\/\/www.ra-vsz.hr\/en\/wp-json\/wp\/v2\/comments?post=8034"}],"version-history":[{"count":1,"href":"https:\/\/www.ra-vsz.hr\/en\/wp-json\/wp\/v2\/posts\/8034\/revisions"}],"predecessor-version":[{"id":11087,"href":"https:\/\/www.ra-vsz.hr\/en\/wp-json\/wp\/v2\/posts\/8034\/revisions\/11087"}],"wp:featuredmedia":[{"embeddable":true,"href":"https:\/\/www.ra-vsz.hr\/en\/wp-json\/"}],"wp:attachment":[{"href":"https:\/\/www.ra-vsz.hr\/en\/wp-json\/wp\/v2\/media?parent=8034"}],"wp:term":[{"taxonomy":"category","embeddable":true,"href":"https:\/\/www.ra-vsz.hr\/en\/wp-json\/wp\/v2\/categories?post=8034"},{"taxonomy":"post_tag","embeddable":true,"href":"https:\/\/www.ra-vsz.hr\/en\/wp-json\/wp\/v2\/tags?post=8034"}],"curies":[{"name":"wp","href":"https:\/\/api.w.org\/{rel}","templated":true}]}}