{"id":8013,"date":"2022-05-11T11:47:04","date_gmt":"2022-05-11T09:47:04","guid":{"rendered":"https:\/\/www.ra-vsz.hr\/?p=8013"},"modified":"2023-02-12T17:10:17","modified_gmt":"2023-02-12T17:10:17","slug":"odrzan-sajam-eu-projekata-u-otoku","status":"publish","type":"post","link":"https:\/\/www.ra-vsz.hr\/en\/odrzan-sajam-eu-projekata-u-otoku\/","title":{"rendered":"Odr\u017ean Sajam EU projekata u Otoku"},"content":{"rendered":"<p>Danas se u Otoku, povodom obilje\u017eavanja EU tjedna, odr\u017eava \u201eSajam EU projekata\u201c. Na Sajmu sudjeluje i Razvojna agencija Vukovarsko-srijemske \u017eupanije koja \u0107e gra\u0111ane informirati o EU projektima, otvorenim pozivima za prijavu projekata i ostalim aktivnostima iz djelokruga rada Razvojne agencije Vukovarsko-srijemske \u017eupanije. Gra\u0111ani \u0107e sudjelovanjem u nagradnoj pitalici \u201eKviz Dan Europe\u201c mo\u0107i osvojiti i vrijedne nagrade.<\/p>\n<p>U okviru EU tjedna u najavi je odr\u017eavanje \u201eSajma EU projekata\u201c i u ostalim gradovima na podru\u010dju Vukovarsko-srijemske \u017eupanije, a navedene aktivnosti Razvojna agencija Vukovarsko-srijemske \u017eupanije provodi u okviru projekta \u201eESI fondovima do odr\u017eivog razvoja Vukovarsko-srijemske \u017eupanije II\u201c.<\/p>","protected":false},"excerpt":{"rendered":"<p>Danas se u Otoku, povodom obilje\u017eavanja EU tjedna, odr\u017eava \u201eSajam EU projekata\u201c. Na Sajmu sudjeluje i Razvojna agencija Vukovarsko-srijemske \u017eupanije koja \u0107e gra\u0111ane informirati o EU projektima, otvorenim pozivima za prijavu projekata i ostalim aktivnostima iz djelokruga rada Razvojne agencije Vukovarsko-srijemske \u017eupanije. Gra\u0111ani \u0107e sudjelovanjem u nagradnoj pitalici \u201eKviz Dan Europe\u201c mo\u0107i osvojiti i vrijedne [&hellip;]<\/p>","protected":false},"author":2,"featured_media":8020,"comment_status":"closed","ping_status":"closed","sticky":false,"template":"","format":"standard","meta":{"_et_pb_use_builder":"","_et_pb_old_content":"","_et_gb_content_width":"","footnotes":""},"categories":[4],"tags":[],"class_list":["post-8013","post","type-post","status-publish","format-standard","has-post-thumbnail","hentry","category-vijesti"],"_links":{"self":[{"href":"https:\/\/www.ra-vsz.hr\/en\/wp-json\/wp\/v2\/posts\/8013","targetHints":{"allow":["GET"]}}],"collection":[{"href":"https:\/\/www.ra-vsz.hr\/en\/wp-json\/wp\/v2\/posts"}],"about":[{"href":"https:\/\/www.ra-vsz.hr\/en\/wp-json\/wp\/v2\/types\/post"}],"author":[{"embeddable":true,"href":"https:\/\/www.ra-vsz.hr\/en\/wp-json\/wp\/v2\/users\/2"}],"replies":[{"embeddable":true,"href":"https:\/\/www.ra-vsz.hr\/en\/wp-json\/wp\/v2\/comments?post=8013"}],"version-history":[{"count":1,"href":"https:\/\/www.ra-vsz.hr\/en\/wp-json\/wp\/v2\/posts\/8013\/revisions"}],"predecessor-version":[{"id":11085,"href":"https:\/\/www.ra-vsz.hr\/en\/wp-json\/wp\/v2\/posts\/8013\/revisions\/11085"}],"wp:featuredmedia":[{"embeddable":true,"href":"https:\/\/www.ra-vsz.hr\/en\/wp-json\/"}],"wp:attachment":[{"href":"https:\/\/www.ra-vsz.hr\/en\/wp-json\/wp\/v2\/media?parent=8013"}],"wp:term":[{"taxonomy":"category","embeddable":true,"href":"https:\/\/www.ra-vsz.hr\/en\/wp-json\/wp\/v2\/categories?post=8013"},{"taxonomy":"post_tag","embeddable":true,"href":"https:\/\/www.ra-vsz.hr\/en\/wp-json\/wp\/v2\/tags?post=8013"}],"curies":[{"name":"wp","href":"https:\/\/api.w.org\/{rel}","templated":true}]}}