{"id":7995,"date":"2022-05-09T10:35:43","date_gmt":"2022-05-09T08:35:43","guid":{"rendered":"https:\/\/www.ra-vsz.hr\/?p=7995"},"modified":"2023-02-12T17:09:41","modified_gmt":"2023-02-12T17:09:41","slug":"cestitka-povodom-dana-europe","status":"publish","type":"post","link":"https:\/\/www.ra-vsz.hr\/en\/cestitka-povodom-dana-europe\/","title":{"rendered":"\u010cestitka povodom Dana Europe"},"content":{"rendered":"<p>Na dana\u0161nji dan 1950. godine u svom govoru u Parizu Robert Schuman, tada\u0161nji francuski ministar vanjskih poslova, iznio je ideju o novom obliku politi\u010dke suradnje u Europi s pomo\u0107u koje bi rat me\u0111u europskim dr\u017eavama postao nezamisliv.<\/p>\n<p>Danom Europe, koji se obilje\u017eava 9. svibnja svake godine, slavi se mir i jedinstvo u Europi.<\/p>\n<p>Svim stanovnicima Vukovarsko-srijemske \u017eupanije \u010destitamo Dan Europe, uz poruku mira, zajedni\u0161tva i solidarnosti.<\/p>","protected":false},"excerpt":{"rendered":"<p>Na dana\u0161nji dan 1950. godine u svom govoru u Parizu Robert Schuman, tada\u0161nji francuski ministar vanjskih poslova, iznio je ideju o novom obliku politi\u010dke suradnje u Europi s pomo\u0107u koje bi rat me\u0111u europskim dr\u017eavama postao nezamisliv. Danom Europe, koji se obilje\u017eava 9. svibnja svake godine, slavi se mir i jedinstvo u Europi. Svim stanovnicima [&hellip;]<\/p>","protected":false},"author":2,"featured_media":7996,"comment_status":"closed","ping_status":"closed","sticky":false,"template":"","format":"standard","meta":{"_et_pb_use_builder":"","_et_pb_old_content":"","_et_gb_content_width":"","footnotes":""},"categories":[4],"tags":[],"class_list":["post-7995","post","type-post","status-publish","format-standard","has-post-thumbnail","hentry","category-vijesti"],"_links":{"self":[{"href":"https:\/\/www.ra-vsz.hr\/en\/wp-json\/wp\/v2\/posts\/7995","targetHints":{"allow":["GET"]}}],"collection":[{"href":"https:\/\/www.ra-vsz.hr\/en\/wp-json\/wp\/v2\/posts"}],"about":[{"href":"https:\/\/www.ra-vsz.hr\/en\/wp-json\/wp\/v2\/types\/post"}],"author":[{"embeddable":true,"href":"https:\/\/www.ra-vsz.hr\/en\/wp-json\/wp\/v2\/users\/2"}],"replies":[{"embeddable":true,"href":"https:\/\/www.ra-vsz.hr\/en\/wp-json\/wp\/v2\/comments?post=7995"}],"version-history":[{"count":1,"href":"https:\/\/www.ra-vsz.hr\/en\/wp-json\/wp\/v2\/posts\/7995\/revisions"}],"predecessor-version":[{"id":11082,"href":"https:\/\/www.ra-vsz.hr\/en\/wp-json\/wp\/v2\/posts\/7995\/revisions\/11082"}],"wp:featuredmedia":[{"embeddable":true,"href":"https:\/\/www.ra-vsz.hr\/en\/wp-json\/"}],"wp:attachment":[{"href":"https:\/\/www.ra-vsz.hr\/en\/wp-json\/wp\/v2\/media?parent=7995"}],"wp:term":[{"taxonomy":"category","embeddable":true,"href":"https:\/\/www.ra-vsz.hr\/en\/wp-json\/wp\/v2\/categories?post=7995"},{"taxonomy":"post_tag","embeddable":true,"href":"https:\/\/www.ra-vsz.hr\/en\/wp-json\/wp\/v2\/tags?post=7995"}],"curies":[{"name":"wp","href":"https:\/\/api.w.org\/{rel}","templated":true}]}}