{"id":7971,"date":"2022-05-06T13:30:14","date_gmt":"2022-05-06T11:30:14","guid":{"rendered":"https:\/\/www.ra-vsz.hr\/?p=7971"},"modified":"2023-02-12T17:09:00","modified_gmt":"2023-02-12T17:09:00","slug":"odrzan-sajam-eu-projekata-u-vukovaru","status":"publish","type":"post","link":"https:\/\/www.ra-vsz.hr\/en\/odrzan-sajam-eu-projekata-u-vukovaru\/","title":{"rendered":"Odr\u017ean sajam EU projekata u Vukovaru"},"content":{"rendered":"<p>Danas je u Vukovaru, povodom obilje\u017eavanja EU tjedna, odr\u017ean \u201eSajam EU projekata\u201c. Sajam je organizirala Razvojna agencija Vukovarsko-srijemske \u017eupanije u suradnji s VURA \u2013 Razvojnom agencijom Vukovar d.o.o. i Gradom Vukovarom.<\/p>\n<p>Okupljenim gra\u0111anima su se obratili Franjo Ore\u0161kovi\u0107, zamjenik \u017eupana Vukovarsko-srijemske \u017eupanije, Filip Su\u0161ac, zamjenik gradona\u010delnika Grada Vukovara, \u00a0Darijan Zeko, direktor VURE te Zrinka \u010cobankovi\u0107, ravnateljica Razvojne agencije Vukovarsko-srijemske \u017eupanije.<\/p>\n<p>Gra\u0111ani su imali priliku dobiti informacije o EU projektima, otvorenim pozivima za prijavu projekata i ostalim aktivnostima iz djelokruga rada Razvojne agencije Vukovarsko-srijemske \u017eupanije te sudjeluju\u0107i u nagradnoj pitalici \u201eKviz Dan Europe\u201c osvojiti i vrijedne nagrade.<\/p>\n<p>U okviru EU tjedna u najavi je odr\u017eavanje \u201eSajma EU projekata\u201c i u ostalim gradovima na podru\u010dju Vukovarsko-srijemske \u017eupanije, a navedene aktivnosti Razvojna agencija Vukovarsko-srijemske \u017eupanije provodi u okviru projekta \u201eESI fondovima do odr\u017eivog razvoja Vukovarsko-srijemske \u017eupanije II\u201c.<\/p>","protected":false},"excerpt":{"rendered":"<p>Danas je u Vukovaru, povodom obilje\u017eavanja EU tjedna, odr\u017ean \u201eSajam EU projekata\u201c. Sajam je organizirala Razvojna agencija Vukovarsko-srijemske \u017eupanije u suradnji s VURA \u2013 Razvojnom agencijom Vukovar d.o.o. i Gradom Vukovarom. Okupljenim gra\u0111anima su se obratili Franjo Ore\u0161kovi\u0107, zamjenik \u017eupana Vukovarsko-srijemske \u017eupanije, Filip Su\u0161ac, zamjenik gradona\u010delnika Grada Vukovara, \u00a0Darijan Zeko, direktor VURE te Zrinka \u010cobankovi\u0107, [&hellip;]<\/p>","protected":false},"author":2,"featured_media":7976,"comment_status":"closed","ping_status":"closed","sticky":false,"template":"","format":"standard","meta":{"_et_pb_use_builder":"","_et_pb_old_content":"","_et_gb_content_width":"","footnotes":""},"categories":[4],"tags":[],"class_list":["post-7971","post","type-post","status-publish","format-standard","has-post-thumbnail","hentry","category-vijesti"],"_links":{"self":[{"href":"https:\/\/www.ra-vsz.hr\/en\/wp-json\/wp\/v2\/posts\/7971","targetHints":{"allow":["GET"]}}],"collection":[{"href":"https:\/\/www.ra-vsz.hr\/en\/wp-json\/wp\/v2\/posts"}],"about":[{"href":"https:\/\/www.ra-vsz.hr\/en\/wp-json\/wp\/v2\/types\/post"}],"author":[{"embeddable":true,"href":"https:\/\/www.ra-vsz.hr\/en\/wp-json\/wp\/v2\/users\/2"}],"replies":[{"embeddable":true,"href":"https:\/\/www.ra-vsz.hr\/en\/wp-json\/wp\/v2\/comments?post=7971"}],"version-history":[{"count":1,"href":"https:\/\/www.ra-vsz.hr\/en\/wp-json\/wp\/v2\/posts\/7971\/revisions"}],"predecessor-version":[{"id":11078,"href":"https:\/\/www.ra-vsz.hr\/en\/wp-json\/wp\/v2\/posts\/7971\/revisions\/11078"}],"wp:featuredmedia":[{"embeddable":true,"href":"https:\/\/www.ra-vsz.hr\/en\/wp-json\/"}],"wp:attachment":[{"href":"https:\/\/www.ra-vsz.hr\/en\/wp-json\/wp\/v2\/media?parent=7971"}],"wp:term":[{"taxonomy":"category","embeddable":true,"href":"https:\/\/www.ra-vsz.hr\/en\/wp-json\/wp\/v2\/categories?post=7971"},{"taxonomy":"post_tag","embeddable":true,"href":"https:\/\/www.ra-vsz.hr\/en\/wp-json\/wp\/v2\/tags?post=7971"}],"curies":[{"name":"wp","href":"https:\/\/api.w.org\/{rel}","templated":true}]}}