{"id":7945,"date":"2022-05-05T12:18:58","date_gmt":"2022-05-05T10:18:58","guid":{"rendered":"https:\/\/www.ra-vsz.hr\/?p=7945"},"modified":"2023-02-12T17:08:38","modified_gmt":"2023-02-12T17:08:38","slug":"obiljezavanje-eu-tjedna-na-podrucju-vukovarsko-srijemske-zupanije","status":"publish","type":"post","link":"https:\/\/www.ra-vsz.hr\/en\/obiljezavanje-eu-tjedna-na-podrucju-vukovarsko-srijemske-zupanije\/","title":{"rendered":"Obilje\u017eavanje EU tjedna na podru\u010dju Vukovarsko-srijemske \u017eupanije"},"content":{"rendered":"<p>\u010clanice Europske unije i ove godine 9. svibnja obilje\u017eavaju Dan Europe. Na taj dan prije 70 godina Robert Schuman je iznio svoju ideju o novom obliku politi\u010dke suradnje u Europi poznatu kao \u201eSchumanova deklaracija\u201c. Tom deklaracijom predla\u017ee se stvaranje Europske zajednice za ugljen i \u010delik te se smatra za\u010detkom dana\u0161nje Europske unije. Na Dan Europe slavi se mir i jedinstvo u Europi, a tjedan u kojem se obilje\u017eava Dan Europe obilje\u017eava se kao EU tjedan.<\/p>\n<p>Uz potporu Vukovarsko-srijemske \u017eupanije u sklopu EU tjedna provodit \u0107e se niz aktivnosti koje promoviraju vrijednosti EU i Schumanove deklaracije: mir, jedinstvo i postignu\u0107a \u010dlanica Europske unije, njihovih gra\u0111ana i institucija. Pozivamo vas da nam se pridru\u017eite u obilje\u017eavanju Dana Europe kroz aktivnosti gradova, op\u0107ina, razvojnih agencija i lokalnih akcijskih grupa:<\/p>\n<ul>\n<li><strong>Sajam EU projekata<\/strong>\n<ol>\n<li>VUKOVAR 6.5. 10:00 &#8211; 12:00h<\/li>\n<li>VINKOVCI 9.5. 11:00 &#8211; 14:00h<\/li>\n<li>OTOK 11.5. 11:00 &#8211; 13:00h<\/li>\n<li>ILOK 12.5. 11:00 &#8211; 13:00h<\/li>\n<li>\u017dUPANJA 13.5. 11:00 &#8211; 13:00h<\/li>\n<\/ol>\n<\/li>\n<li><strong>Facebook kviz \u2013 9.5. do 13.5. (8h do 13h)<\/strong><\/li>\n<li><strong>Radio gostovanja<\/strong><\/li>\n<\/ul>\n<p>Tijekom trajanja\u00a0 sajma EU projekata bit \u0107e organizirana nagradna pitalica \u201eKviz Dan Europe\u201c s vrijednim nagradama: laptop, bicikl, hoverboard, tablet, smartwatch, kamera, prenosivi zvu\u010dnik, dru\u0161tvena igra i romobil. Sudjelovanjem na Facebook kvizu svaki dan mogu\u0107e je osvojiti be\u017ei\u010dne slu\u0161alice. Va\u017eno je istaknuti da Razvojna agencija Vukovarsko-srijemske \u017eupanije sve aktivnosti EU tjedna provodi u sklopu projekta \u201eESI fondovima do odr\u017eivog razvoja Vukovarsko-srijemske \u017eupanije II\u201c.<\/p>\n<p>Za vi\u0161e informacija o facebook kvizu posjetite <a href=\"https:\/\/www.facebook.com\/razvojna.agencija.vsz\" target=\"_blank\" rel=\"noopener\">poveznicu<\/a>.<\/p>\n<p>Vi\u0161e o Pravilima sudjelovanja mo\u017eete prona\u0107i na <a href=\"https:\/\/www.ra-vsz.hr\/wp-content\/uploads\/2022\/05\/Pravila-Kviza.pdf\">poveznici<\/a>.<\/p>","protected":false},"excerpt":{"rendered":"<p>\u010clanice Europske unije i ove godine 9. svibnja obilje\u017eavaju Dan Europe. Na taj dan prije 70 godina Robert Schuman je iznio svoju ideju o novom obliku politi\u010dke suradnje u Europi poznatu kao \u201eSchumanova deklaracija\u201c. Tom deklaracijom predla\u017ee se stvaranje Europske zajednice za ugljen i \u010delik te se smatra za\u010detkom dana\u0161nje Europske unije. Na Dan Europe [&hellip;]<\/p>","protected":false},"author":2,"featured_media":7948,"comment_status":"closed","ping_status":"closed","sticky":false,"template":"","format":"standard","meta":{"_et_pb_use_builder":"","_et_pb_old_content":"","_et_gb_content_width":"","footnotes":""},"categories":[4],"tags":[],"class_list":["post-7945","post","type-post","status-publish","format-standard","has-post-thumbnail","hentry","category-vijesti"],"_links":{"self":[{"href":"https:\/\/www.ra-vsz.hr\/en\/wp-json\/wp\/v2\/posts\/7945","targetHints":{"allow":["GET"]}}],"collection":[{"href":"https:\/\/www.ra-vsz.hr\/en\/wp-json\/wp\/v2\/posts"}],"about":[{"href":"https:\/\/www.ra-vsz.hr\/en\/wp-json\/wp\/v2\/types\/post"}],"author":[{"embeddable":true,"href":"https:\/\/www.ra-vsz.hr\/en\/wp-json\/wp\/v2\/users\/2"}],"replies":[{"embeddable":true,"href":"https:\/\/www.ra-vsz.hr\/en\/wp-json\/wp\/v2\/comments?post=7945"}],"version-history":[{"count":1,"href":"https:\/\/www.ra-vsz.hr\/en\/wp-json\/wp\/v2\/posts\/7945\/revisions"}],"predecessor-version":[{"id":11076,"href":"https:\/\/www.ra-vsz.hr\/en\/wp-json\/wp\/v2\/posts\/7945\/revisions\/11076"}],"wp:featuredmedia":[{"embeddable":true,"href":"https:\/\/www.ra-vsz.hr\/en\/wp-json\/"}],"wp:attachment":[{"href":"https:\/\/www.ra-vsz.hr\/en\/wp-json\/wp\/v2\/media?parent=7945"}],"wp:term":[{"taxonomy":"category","embeddable":true,"href":"https:\/\/www.ra-vsz.hr\/en\/wp-json\/wp\/v2\/categories?post=7945"},{"taxonomy":"post_tag","embeddable":true,"href":"https:\/\/www.ra-vsz.hr\/en\/wp-json\/wp\/v2\/tags?post=7945"}],"curies":[{"name":"wp","href":"https:\/\/api.w.org\/{rel}","templated":true}]}}