{"id":7919,"date":"2022-04-29T12:40:21","date_gmt":"2022-04-29T10:40:21","guid":{"rendered":"https:\/\/www.ra-vsz.hr\/?p=7919"},"modified":"2023-02-12T17:07:51","modified_gmt":"2023-02-12T17:07:51","slug":"agorada-regionalni-razvoj-prema-2050-godini","status":"publish","type":"post","link":"https:\/\/www.ra-vsz.hr\/en\/agorada-regionalni-razvoj-prema-2050-godini\/","title":{"rendered":"AGORADA: Regionalni razvoj prema 2050. godini"},"content":{"rendered":"<p><strong>AGORADA<\/strong>\u00a0je godi\u0161nja konferencija koju od 1992. godine organizira\u00a0<strong>EURADA<\/strong>,\u00a0Europsko udru\u017eenje razvojnih agencija. Nastala je prije 30. godina, a glavne aktivnosti tijekom tih desetlje\u0107a bile su olak\u0161avanje razmjene iskustava, promicanje prepoznatljivosti razvojnih agencija te osmi\u0161ljavanje i provedba programa teritorijalnog razvoja, posebno za mala i srednja poduze\u0107a.<\/p>\n<p><strong>AGORADA<\/strong>\u00a0je\u00a0<strong>godi\u0161nja to\u010dka sastanka prakti\u010dara regionalnog razvoja<\/strong>. Oni stvaraju i odr\u017eavaju mre\u017eu regionalnih razvojnih agencija, poma\u017eu\u0107i im da se pove\u017eu i sura\u0111uju u aktivnostima vezanim uz njihove zajedni\u010dke interese. \u010clanovi EURADA-e dobivaju inspiraciju i ideje jedni od drugih dijeljenjem najboljih praksi i uspje\u0161nih politika za provedbu u svojim regijama.<\/p>\n<p>Pridru\u017eite se ove godine Konferenciji na 30. obljetnicu na dva dana (7. &#8211; 8. lipnja 2022. godine), koja \u0107e biti odr\u017eana u prostorijama EURADA-e, Montoyerstraat 24, 1000 Bruxelles, Belgoija, a koja \u0107e biti posve\u0107ena razumijevanju budu\u0107nosti regionalnog razvoja.<\/p>\n<p>Uz posjete inovativnim industrijskim lokacijama i cjelodnevne konferencije o regionalnom razvoju, doga\u0111aj \u0107e biti velika proslava i prilika za partnere kako bi se umre\u017eili s istomi\u0161ljenicima.<\/p>\n<p><a href=\"https:\/\/site.evenium.net\/agorada\/registration\" target=\"_blank\" rel=\"noopener\">Registracija<\/a><\/p>","protected":false},"excerpt":{"rendered":"<p>AGORADA\u00a0je godi\u0161nja konferencija koju od 1992. godine organizira\u00a0EURADA,\u00a0Europsko udru\u017eenje razvojnih agencija. Nastala je prije 30. godina, a glavne aktivnosti tijekom tih desetlje\u0107a bile su olak\u0161avanje razmjene iskustava, promicanje prepoznatljivosti razvojnih agencija te osmi\u0161ljavanje i provedba programa teritorijalnog razvoja, posebno za mala i srednja poduze\u0107a. AGORADA\u00a0je\u00a0godi\u0161nja to\u010dka sastanka prakti\u010dara regionalnog razvoja. Oni stvaraju i odr\u017eavaju mre\u017eu [&hellip;]<\/p>","protected":false},"author":2,"featured_media":7920,"comment_status":"closed","ping_status":"closed","sticky":false,"template":"","format":"standard","meta":{"_et_pb_use_builder":"","_et_pb_old_content":"","_et_gb_content_width":"","footnotes":""},"categories":[4],"tags":[],"class_list":["post-7919","post","type-post","status-publish","format-standard","has-post-thumbnail","hentry","category-vijesti"],"_links":{"self":[{"href":"https:\/\/www.ra-vsz.hr\/en\/wp-json\/wp\/v2\/posts\/7919","targetHints":{"allow":["GET"]}}],"collection":[{"href":"https:\/\/www.ra-vsz.hr\/en\/wp-json\/wp\/v2\/posts"}],"about":[{"href":"https:\/\/www.ra-vsz.hr\/en\/wp-json\/wp\/v2\/types\/post"}],"author":[{"embeddable":true,"href":"https:\/\/www.ra-vsz.hr\/en\/wp-json\/wp\/v2\/users\/2"}],"replies":[{"embeddable":true,"href":"https:\/\/www.ra-vsz.hr\/en\/wp-json\/wp\/v2\/comments?post=7919"}],"version-history":[{"count":1,"href":"https:\/\/www.ra-vsz.hr\/en\/wp-json\/wp\/v2\/posts\/7919\/revisions"}],"predecessor-version":[{"id":11072,"href":"https:\/\/www.ra-vsz.hr\/en\/wp-json\/wp\/v2\/posts\/7919\/revisions\/11072"}],"wp:featuredmedia":[{"embeddable":true,"href":"https:\/\/www.ra-vsz.hr\/en\/wp-json\/"}],"wp:attachment":[{"href":"https:\/\/www.ra-vsz.hr\/en\/wp-json\/wp\/v2\/media?parent=7919"}],"wp:term":[{"taxonomy":"category","embeddable":true,"href":"https:\/\/www.ra-vsz.hr\/en\/wp-json\/wp\/v2\/categories?post=7919"},{"taxonomy":"post_tag","embeddable":true,"href":"https:\/\/www.ra-vsz.hr\/en\/wp-json\/wp\/v2\/tags?post=7919"}],"curies":[{"name":"wp","href":"https:\/\/api.w.org\/{rel}","templated":true}]}}