{"id":7909,"date":"2022-04-28T13:34:28","date_gmt":"2022-04-28T11:34:28","guid":{"rendered":"https:\/\/www.ra-vsz.hr\/?p=7909"},"modified":"2023-02-12T17:07:33","modified_gmt":"2023-02-12T17:07:33","slug":"foto-natjecaj-volim-svoju-zupaniju","status":"publish","type":"post","link":"https:\/\/www.ra-vsz.hr\/en\/foto-natjecaj-volim-svoju-zupaniju\/","title":{"rendered":"Foto natje\u010daj \u201eVolim svoju \u017eupaniju\u201c"},"content":{"rendered":"<p>Uskoro po\u010dinje sedmi krug foto natje\u010daja \u201eVolim svoju \u017eupaniju\u201c. Natje\u010daj kre\u0107e 1. svibnja i trajat \u0107e do 15. svibnja, a najbolje fotografije prema mi\u0161ljenju \u017eirija postat \u0107e dio jedinstvene izlo\u017ebe s motivima iz svih \u017eupanija.<\/p>\n<p>Svi ljubitelji fotografije, bilo da se radi o profesionalnim ili amaterskim fotografima, pozvani su da se uklju\u010de u pri\u010du koja traje ve\u0107 sedam godina, a cilj je pokazati detalj, motiv, posebnost svakog kraja Hrvatske. Svaki autor mo\u017ee prijaviti do tri fotografije putem aplikacije <a href=\"https:\/\/www.volimzup.hr\/\" target=\"_blank\" rel=\"noopener\">https:\/\/www.volimzup.hr\/<\/a><\/p>\n<p>Osim najboljih prema mi\u0161ljenju stru\u010dnog \u017eirija, bit \u0107e nagra\u0111ena i fotografija s najve\u0107im brojem osvojenih glasova (likeova) unutar aplikacije. Za glasovanje je potrebna prijava putem dru\u0161tvenih mre\u017ea. Ovogodi\u0161nja novost je da se fotografije snimljene dronom boduju u svojoj kategoriji, a najbolju \u201edronsku\u201c fotografiju tako\u0111er nagra\u0111ujemo. Glavne nagrade su GoPro Hero 10 sportske digitalne kamere.<\/p>\n<p>Galeriju najboljih fotografija 2021. prona\u0111ite na\u00a0<a href=\"https:\/\/www.hrvzz.hr\/projekti\/volim-svoju-zupaniju\" target=\"_blank\" rel=\"noopener\">POVEZNICI.<\/a><\/p>","protected":false},"excerpt":{"rendered":"<p>Uskoro po\u010dinje sedmi krug foto natje\u010daja \u201eVolim svoju \u017eupaniju\u201c. Natje\u010daj kre\u0107e 1. svibnja i trajat \u0107e do 15. svibnja, a najbolje fotografije prema mi\u0161ljenju \u017eirija postat \u0107e dio jedinstvene izlo\u017ebe s motivima iz svih \u017eupanija. Svi ljubitelji fotografije, bilo da se radi o profesionalnim ili amaterskim fotografima, pozvani su da se uklju\u010de u pri\u010du koja [&hellip;]<\/p>","protected":false},"author":2,"featured_media":7910,"comment_status":"closed","ping_status":"closed","sticky":false,"template":"","format":"standard","meta":{"_et_pb_use_builder":"","_et_pb_old_content":"","_et_gb_content_width":"","footnotes":""},"categories":[4],"tags":[],"class_list":["post-7909","post","type-post","status-publish","format-standard","has-post-thumbnail","hentry","category-vijesti"],"_links":{"self":[{"href":"https:\/\/www.ra-vsz.hr\/en\/wp-json\/wp\/v2\/posts\/7909","targetHints":{"allow":["GET"]}}],"collection":[{"href":"https:\/\/www.ra-vsz.hr\/en\/wp-json\/wp\/v2\/posts"}],"about":[{"href":"https:\/\/www.ra-vsz.hr\/en\/wp-json\/wp\/v2\/types\/post"}],"author":[{"embeddable":true,"href":"https:\/\/www.ra-vsz.hr\/en\/wp-json\/wp\/v2\/users\/2"}],"replies":[{"embeddable":true,"href":"https:\/\/www.ra-vsz.hr\/en\/wp-json\/wp\/v2\/comments?post=7909"}],"version-history":[{"count":1,"href":"https:\/\/www.ra-vsz.hr\/en\/wp-json\/wp\/v2\/posts\/7909\/revisions"}],"predecessor-version":[{"id":11069,"href":"https:\/\/www.ra-vsz.hr\/en\/wp-json\/wp\/v2\/posts\/7909\/revisions\/11069"}],"wp:featuredmedia":[{"embeddable":true,"href":"https:\/\/www.ra-vsz.hr\/en\/wp-json\/"}],"wp:attachment":[{"href":"https:\/\/www.ra-vsz.hr\/en\/wp-json\/wp\/v2\/media?parent=7909"}],"wp:term":[{"taxonomy":"category","embeddable":true,"href":"https:\/\/www.ra-vsz.hr\/en\/wp-json\/wp\/v2\/categories?post=7909"},{"taxonomy":"post_tag","embeddable":true,"href":"https:\/\/www.ra-vsz.hr\/en\/wp-json\/wp\/v2\/tags?post=7909"}],"curies":[{"name":"wp","href":"https:\/\/api.w.org\/{rel}","templated":true}]}}