{"id":7899,"date":"2022-04-28T13:25:59","date_gmt":"2022-04-28T11:25:59","guid":{"rendered":"https:\/\/www.ra-vsz.hr\/?p=7899"},"modified":"2023-02-12T17:06:09","modified_gmt":"2023-02-12T17:06:09","slug":"objavljen-je-prvi-bilten-o-programima-unije-u-rh","status":"publish","type":"post","link":"https:\/\/www.ra-vsz.hr\/en\/objavljen-je-prvi-bilten-o-programima-unije-u-rh\/","title":{"rendered":"Objavljen je prvi bilten o Programima Unije u RH"},"content":{"rendered":"<p><strong>Ministarstvo regionalnoga razvoja i fondova EU (MRRFEU)<\/strong>\u00a0glavni je nacionalni koordinator za aktivnosti vezane uz sudjelovanje Republike Hrvatske u pojedinim Programima Unije u \u010dijim je aktivnostima dobila pravo punopravnog sudjelovanja pristupanjem Europskoj uniji, 1. srpnja 2013. godine. Koordinacija podrazumijeva pra\u0107enje ostvarenja u\u010dinka programa, suradnju s ostalim nadle\u017enim tijelima, odr\u017eavanje edukacija, promotivnih i ostalih aktivnosti potrebnih za pove\u0107anje vidljivosti i za prepoznavanje Programa Unije u Republici Hrvatskoj. U ulozi koordinacijskog tijela za Programe Unije Ministarstvo je sastavilo i objavilo prvi bilten o Programima Unije u RH s ciljem upoznavanja \u0161to ve\u0107eg broja potencijalnih budu\u0107ih korisnika s mogu\u0107nostima koje nude pojedini programi.<\/p>\n<p>Informativni bilten o Programima Unije objedinjuje poveznice na slu\u017ebene mre\u017ene stranice programa, podatke o prihvatljivim korisnicima za svaki pojedini program i primjere dobre prakse za razdoblje od 2014. do 2020. godine.<\/p>\n<p>U suradnji s resornim tijelima MRRFEU \u0107e redovno izra\u0111ivati informativni bilten o Programima Unije u kojem \u0107e obavje\u0161tavati sve zainteresirane o aktualnostima pojedinog programa i organizirati promotivne doga\u0111aje i radionice kako bi potencijalni korisnici mogu\u0107nosti programa pravovremeno doznali sve potrebne informacije i novosti.<\/p>\n<p>Bilten\u00a0<strong>Programi Unije 2021. \u2013 2027.<\/strong>\u00a0mo\u017eete prona\u0107i na\u00a0<a href=\"https:\/\/razvoj.gov.hr\/istaknute-teme\/11\" target=\"_blank\" rel=\"noopener\"><strong>mre\u017enim stranicama MRRFEU-a<\/strong><\/a>\u00a0ili\u00a0<a href=\"https:\/\/strukturnifondovi.hr\/ministarstvo-regionalnoga-razvoja-i-fondova-europske-unije-u-ulozi-koordinacijskog-tijela-za-programe-unije-objavljuje-prvi-bilten-o-programima-unije-u-rh\/\" target=\"_blank\" rel=\"noopener\"><strong>mre\u017enim stranicama Europskih strukturnih i investicijskih fondova<\/strong><\/a>.<\/p>","protected":false},"excerpt":{"rendered":"<p>Ministarstvo regionalnoga razvoja i fondova EU (MRRFEU)\u00a0glavni je nacionalni koordinator za aktivnosti vezane uz sudjelovanje Republike Hrvatske u pojedinim Programima Unije u \u010dijim je aktivnostima dobila pravo punopravnog sudjelovanja pristupanjem Europskoj uniji, 1. srpnja 2013. godine. Koordinacija podrazumijeva pra\u0107enje ostvarenja u\u010dinka programa, suradnju s ostalim nadle\u017enim tijelima, odr\u017eavanje edukacija, promotivnih i ostalih aktivnosti potrebnih za [&hellip;]<\/p>","protected":false},"author":2,"featured_media":7900,"comment_status":"closed","ping_status":"closed","sticky":false,"template":"","format":"standard","meta":{"_et_pb_use_builder":"","_et_pb_old_content":"","_et_gb_content_width":"","footnotes":""},"categories":[4],"tags":[],"class_list":["post-7899","post","type-post","status-publish","format-standard","has-post-thumbnail","hentry","category-vijesti"],"_links":{"self":[{"href":"https:\/\/www.ra-vsz.hr\/en\/wp-json\/wp\/v2\/posts\/7899","targetHints":{"allow":["GET"]}}],"collection":[{"href":"https:\/\/www.ra-vsz.hr\/en\/wp-json\/wp\/v2\/posts"}],"about":[{"href":"https:\/\/www.ra-vsz.hr\/en\/wp-json\/wp\/v2\/types\/post"}],"author":[{"embeddable":true,"href":"https:\/\/www.ra-vsz.hr\/en\/wp-json\/wp\/v2\/users\/2"}],"replies":[{"embeddable":true,"href":"https:\/\/www.ra-vsz.hr\/en\/wp-json\/wp\/v2\/comments?post=7899"}],"version-history":[{"count":1,"href":"https:\/\/www.ra-vsz.hr\/en\/wp-json\/wp\/v2\/posts\/7899\/revisions"}],"predecessor-version":[{"id":11066,"href":"https:\/\/www.ra-vsz.hr\/en\/wp-json\/wp\/v2\/posts\/7899\/revisions\/11066"}],"wp:featuredmedia":[{"embeddable":true,"href":"https:\/\/www.ra-vsz.hr\/en\/wp-json\/"}],"wp:attachment":[{"href":"https:\/\/www.ra-vsz.hr\/en\/wp-json\/wp\/v2\/media?parent=7899"}],"wp:term":[{"taxonomy":"category","embeddable":true,"href":"https:\/\/www.ra-vsz.hr\/en\/wp-json\/wp\/v2\/categories?post=7899"},{"taxonomy":"post_tag","embeddable":true,"href":"https:\/\/www.ra-vsz.hr\/en\/wp-json\/wp\/v2\/tags?post=7899"}],"curies":[{"name":"wp","href":"https:\/\/api.w.org\/{rel}","templated":true}]}}