{"id":7893,"date":"2022-04-28T13:12:38","date_gmt":"2022-04-28T11:12:38","guid":{"rendered":"https:\/\/www.ra-vsz.hr\/?p=7893"},"modified":"2023-02-12T17:05:59","modified_gmt":"2023-02-12T17:05:59","slug":"upoznavanje-o-izvorima-financiranja-i-programima-bespovratnih-sredstava-europske-zaklade-mladih-vijeca-europe","status":"publish","type":"post","link":"https:\/\/www.ra-vsz.hr\/en\/upoznavanje-o-izvorima-financiranja-i-programima-bespovratnih-sredstava-europske-zaklade-mladih-vijeca-europe\/","title":{"rendered":"Upoznavanje o izvorima financiranja i programima bespovratnih sredstava Europske zaklade mladih Vije\u0107a Europe"},"content":{"rendered":"<p>Europska zaklada za mlade Vije\u0107a Europe i Sredi\u0161nji dr\u017eavni ured za demografiju i mlade pozivaju udruge i organizacije mladih na edukaciju, odnosno, online trening, o izvorima financiranja i programima bespovratnih sredstava Europske zaklade mladih.<\/p>\n<p>Edukacija \u0107e se usredoto\u010diti na prioritete sektora mladih Vije\u0107a Europe, obrazovne alate i programe bespovratnih sredstava.<\/p>\n<p>Sudionicima \u0107e biti dana mogu\u0107nost podijeliti informacije o svom radu, svojim izazovima i potrebama te istra\u017eiti mogu\u0107nosti daljnje suradnje sa sektorom mladih Vije\u0107a Europe.<\/p>\n<p>Edukacija \u0107e se odr\u017eati online\u00a0<strong>17. \u2013 18. \u2013 19. svibnja 2022<\/strong>. Radni jezik sjednice bit \u0107e engleski.<\/p>\n<p>Sudjelovati mogu predstavnici nevladinih organizacija mladih, aktivni na lokalnoj ili nacionalnoj razini u dobi od 18 do 30 godina uklju\u010deni u projekte za mlade: pisanje prijava, provedbu, izvje\u0161\u0107ivanje o projektima te rad i podr\u0161ka mladima i organizacijama mladih.<\/p>\n<p>U prilogu su sljede\u0107i dokumenti, dostupni na engleskom jeziku:<\/p>\n<ul>\n<li><a href=\"https:\/\/demografijaimladi.gov.hr\/UserDocsImages\/Fotografije%203\/Fotografije%204\/Call%20for%20participants%20EYF%20Croatia..docx\" target=\"_blank\" rel=\"noopener\">Poziv za prijavu<\/a><\/li>\n<li><a href=\"https:\/\/demografijaimladi.gov.hr\/UserDocsImages\/Fotografije%203\/Fotografije%204\/Agenda%20EYF%20session%20Croatia%202022..docx\" target=\"_blank\" rel=\"noopener\">Privremeni program<\/a><\/li>\n<li><a href=\"https:\/\/demografijaimladi.gov.hr\/UserDocsImages\/Fotografije%203\/Fotografije%204\/Application%20form%20EYF%20session%20Croatia%202022..docx\" target=\"_blank\" rel=\"noopener\">Obrazac za prijavu<\/a><\/li>\n<\/ul>\n<p>Prijave se zaprimaju do\u00a0<strong>6. svibnja 2022<\/strong>.<\/p>","protected":false},"excerpt":{"rendered":"<p>Europska zaklada za mlade Vije\u0107a Europe i Sredi\u0161nji dr\u017eavni ured za demografiju i mlade pozivaju udruge i organizacije mladih na edukaciju, odnosno, online trening, o izvorima financiranja i programima bespovratnih sredstava Europske zaklade mladih. Edukacija \u0107e se usredoto\u010diti na prioritete sektora mladih Vije\u0107a Europe, obrazovne alate i programe bespovratnih sredstava. Sudionicima \u0107e biti dana mogu\u0107nost [&hellip;]<\/p>","protected":false},"author":2,"featured_media":7894,"comment_status":"closed","ping_status":"closed","sticky":false,"template":"","format":"standard","meta":{"_et_pb_use_builder":"","_et_pb_old_content":"","_et_gb_content_width":"","footnotes":""},"categories":[4],"tags":[],"class_list":["post-7893","post","type-post","status-publish","format-standard","has-post-thumbnail","hentry","category-vijesti"],"_links":{"self":[{"href":"https:\/\/www.ra-vsz.hr\/en\/wp-json\/wp\/v2\/posts\/7893","targetHints":{"allow":["GET"]}}],"collection":[{"href":"https:\/\/www.ra-vsz.hr\/en\/wp-json\/wp\/v2\/posts"}],"about":[{"href":"https:\/\/www.ra-vsz.hr\/en\/wp-json\/wp\/v2\/types\/post"}],"author":[{"embeddable":true,"href":"https:\/\/www.ra-vsz.hr\/en\/wp-json\/wp\/v2\/users\/2"}],"replies":[{"embeddable":true,"href":"https:\/\/www.ra-vsz.hr\/en\/wp-json\/wp\/v2\/comments?post=7893"}],"version-history":[{"count":1,"href":"https:\/\/www.ra-vsz.hr\/en\/wp-json\/wp\/v2\/posts\/7893\/revisions"}],"predecessor-version":[{"id":11065,"href":"https:\/\/www.ra-vsz.hr\/en\/wp-json\/wp\/v2\/posts\/7893\/revisions\/11065"}],"wp:featuredmedia":[{"embeddable":true,"href":"https:\/\/www.ra-vsz.hr\/en\/wp-json\/"}],"wp:attachment":[{"href":"https:\/\/www.ra-vsz.hr\/en\/wp-json\/wp\/v2\/media?parent=7893"}],"wp:term":[{"taxonomy":"category","embeddable":true,"href":"https:\/\/www.ra-vsz.hr\/en\/wp-json\/wp\/v2\/categories?post=7893"},{"taxonomy":"post_tag","embeddable":true,"href":"https:\/\/www.ra-vsz.hr\/en\/wp-json\/wp\/v2\/tags?post=7893"}],"curies":[{"name":"wp","href":"https:\/\/api.w.org\/{rel}","templated":true}]}}