{"id":7871,"date":"2022-04-27T12:35:44","date_gmt":"2022-04-27T10:35:44","guid":{"rendered":"https:\/\/www.ra-vsz.hr\/?p=7871"},"modified":"2023-02-12T17:05:15","modified_gmt":"2023-02-12T17:05:15","slug":"europsko-obrazovanje-i-kultura-zajednica-najboljih-praksi","status":"publish","type":"post","link":"https:\/\/www.ra-vsz.hr\/en\/europsko-obrazovanje-i-kultura-zajednica-najboljih-praksi\/","title":{"rendered":"Europsko obrazovanje i kultura \u2013 Zajednica najboljih praksi"},"content":{"rendered":"<p><strong>Europski odbor regija<\/strong>\u00a0(OR) pokrenuo\u00a0je\u00a0<a href=\"https:\/\/cor.europa.eu\/European_values.go\" target=\"_blank\" rel=\"noopener\"><strong>internetsku kartu<\/strong><\/a><strong>\u00a0aktivnosti i iskustava<\/strong>\u00a0koja \u010dini prvi konkretan korak prema\u00a0<strong>zajednici najboljih praksi na lokalnoj i regionalnoj razini za promicanje europskih vrijednosti kroz obrazovanje i kulturu<\/strong>.<\/p>\n<p>S vi\u0161e od 100 primjera i doprinosa izabranih lokalnih i regionalnih predstavnika i partnera OR-a, cilj mu je poslu\u017eiti kao inspiracija za daljnje vrijedne ideje i projekte, a istovremeno pru\u017eiti razne mogu\u0107nosti za razmjenu iskustava, razmjenu znanja i po\u010detak suradnje.<\/p>\n<p>Tako\u0111er, lokalni i regionalni \u010delnici odgovorni su za osna\u017eivanje mladih kako bi razumjeli va\u017enost tih vrijednosti i Europske unije, koja promi\u010de i osigurava mir i blagostanje. S obzirom na posebno povoljan kontekst Konferencije o budu\u0107nosti Europe, potaknut potporom \u010dlanica OR-a te nadovezuju\u0107i se na postoje\u0107e primjere iz mnogih regija, predlo\u017eeno je osnivanje zajednice najboljih praksi kako bi se olak\u0161ao dijalog i razmjena tih dobrih praksi.<\/p>\n<p>Novu kartu mo\u017eete posjetiti online putem radne povr\u0161ine ili mobitela slijede\u0107i ovu vezu:\u00a0<a href=\"https:\/\/cor.europa.eu\/European_values.go\" target=\"_blank\" rel=\"noopener\"><strong>https:\/\/cor.europa.eu\/European_values.go<\/strong><\/a><\/p>","protected":false},"excerpt":{"rendered":"<p>Europski odbor regija\u00a0(OR) pokrenuo\u00a0je\u00a0internetsku kartu\u00a0aktivnosti i iskustava\u00a0koja \u010dini prvi konkretan korak prema\u00a0zajednici najboljih praksi na lokalnoj i regionalnoj razini za promicanje europskih vrijednosti kroz obrazovanje i kulturu. S vi\u0161e od 100 primjera i doprinosa izabranih lokalnih i regionalnih predstavnika i partnera OR-a, cilj mu je poslu\u017eiti kao inspiracija za daljnje vrijedne ideje i projekte, a [&hellip;]<\/p>","protected":false},"author":2,"featured_media":7872,"comment_status":"closed","ping_status":"closed","sticky":false,"template":"","format":"standard","meta":{"_et_pb_use_builder":"","_et_pb_old_content":"","_et_gb_content_width":"","footnotes":""},"categories":[4],"tags":[],"class_list":["post-7871","post","type-post","status-publish","format-standard","has-post-thumbnail","hentry","category-vijesti"],"_links":{"self":[{"href":"https:\/\/www.ra-vsz.hr\/en\/wp-json\/wp\/v2\/posts\/7871","targetHints":{"allow":["GET"]}}],"collection":[{"href":"https:\/\/www.ra-vsz.hr\/en\/wp-json\/wp\/v2\/posts"}],"about":[{"href":"https:\/\/www.ra-vsz.hr\/en\/wp-json\/wp\/v2\/types\/post"}],"author":[{"embeddable":true,"href":"https:\/\/www.ra-vsz.hr\/en\/wp-json\/wp\/v2\/users\/2"}],"replies":[{"embeddable":true,"href":"https:\/\/www.ra-vsz.hr\/en\/wp-json\/wp\/v2\/comments?post=7871"}],"version-history":[{"count":1,"href":"https:\/\/www.ra-vsz.hr\/en\/wp-json\/wp\/v2\/posts\/7871\/revisions"}],"predecessor-version":[{"id":11061,"href":"https:\/\/www.ra-vsz.hr\/en\/wp-json\/wp\/v2\/posts\/7871\/revisions\/11061"}],"wp:featuredmedia":[{"embeddable":true,"href":"https:\/\/www.ra-vsz.hr\/en\/wp-json\/"}],"wp:attachment":[{"href":"https:\/\/www.ra-vsz.hr\/en\/wp-json\/wp\/v2\/media?parent=7871"}],"wp:term":[{"taxonomy":"category","embeddable":true,"href":"https:\/\/www.ra-vsz.hr\/en\/wp-json\/wp\/v2\/categories?post=7871"},{"taxonomy":"post_tag","embeddable":true,"href":"https:\/\/www.ra-vsz.hr\/en\/wp-json\/wp\/v2\/tags?post=7871"}],"curies":[{"name":"wp","href":"https:\/\/api.w.org\/{rel}","templated":true}]}}