{"id":7866,"date":"2022-04-27T12:21:29","date_gmt":"2022-04-27T10:21:29","guid":{"rendered":"https:\/\/www.ra-vsz.hr\/?p=7866"},"modified":"2023-02-12T17:05:07","modified_gmt":"2023-02-12T17:05:07","slug":"wire-2022-tjedan-inovativnih-regija-u-europi","status":"publish","type":"post","link":"https:\/\/www.ra-vsz.hr\/en\/wire-2022-tjedan-inovativnih-regija-u-europi\/","title":{"rendered":"WIRE 2022 \u2013 Tjedan inovativnih regija u Europi"},"content":{"rendered":"<p>Tjedan inovativnih regija u Europi (WIRE) glavni je europski politi\u010dki forum za inovacije i regionalni razvoj.<\/p>\n<p>Konferencija pru\u017ea platformu kreatorima politika, javnim tijelima, centrima znanja i poduze\u0107ima za raspravu o istra\u017eiva\u010dkim i inovacijskim praksama, izazovima i prilikama diljem europskih regija, s izravnim pogledom na sada\u0161nje i budu\u0107e mogu\u0107nosti financiranja EU-a.<\/p>\n<p>Doma\u0107in ovogodi\u0161njeg izdanja WIRE-a pod nazivom <strong>WIRE XII edition 2022 <\/strong>bit \u0107e Universit\u00e9 Paris-Saclay, Francuska, pod francuskim predsjedanjem Vije\u0107em Europske unije.\u00a0Tra\u017eit \u0107e ve\u0107e sinergije izme\u0111u djelovanja Europske unije i dr\u017eava \u010dlanica usredoto\u010duju\u0107i se na prioritete programa Horizon Europe 2021. \u2013 2027., njegove glavne ciljeve i Europski istra\u017eiva\u010dki prostor.<\/p>\n<p>WIRE XII izdanje 2022. odr\u017eat \u0107e se od\u00a0\u00a0<strong>11. do 13. svibnja 2022.\u00a0godine<\/strong> pod temom\u00a0<strong>Prema vode\u0107oj Europi u prodornim inovacijama:\u00a0\u00a0osloba\u0111anje potencijala regija.<\/strong><\/p>\n<p>Izbor teme ovogodi\u0161njeg izdanja WIRE-a je zbog va\u017enosti prodornih inovacija za rast i budu\u0107nost EU. To je jedan od klju\u010dnih procesa za pove\u0107anje konkurentnosti Europske unije. Ova \u0107e konferencija pomo\u0107i da se pru\u017ei najsuvremenija analiza europske situacije, najbolje prakse i alata koji nedostaju.<\/p>\n<p>U tom kontekstu bit \u0107e obra\u0111ene klju\u010dne teme:<\/p>\n<ul>\n<li>koje su karakteristike prodornih i disruptivnih inovacija? Kako mobilizirati sve kapacitete i osigurati da sve regije pridonose ovom novom valu inovacija i imaju koristi od njega, a za to Europa treba a\u017eurirati i nadopuniti svoj komplet alata za inovacijsku politiku<\/li>\n<li>inovacije s potencijalom pove\u0107anja koje mogu biti prerizi\u010dne za privatne ulaga\u010de, pitanje financiranja i odgovaraju\u0107e razine: europska, nacionalni, regionalna<\/li>\n<li>uloga malih i srednjih poduze\u0107a<\/li>\n<li>od osiguravanja strate\u0161ke autonomije Europe do postavljanja temelja na\u0161e globalne konkurentnosti kroz obnovljenu industrijsku politiku. Regije \u0107e biti klju\u010dni akteri u ovom procesu i morat \u0107e se mobilizirati kako bi se osiguralo brzo usvajanje novih prodornih inovacija. \u0160tovi\u0161e, osiguravanje usmjerenosti prodornih inovacija bit \u0107e klju\u010dno za postizanje europske zelene tranzicije i ispunjenje zajedni\u010dkog obe\u0107anja za postizanje europskog zelenog dogovora.<\/li>\n<\/ul>\n<p><strong>Saznajte vi\u0161e, prona\u0111ite dnevni red i registrirajte se na slu\u017ebenim stranicama WIRE XII izdanja 2022.\u00a0\u00a0<\/strong><a href=\"https:\/\/www.wire2022.eu\/\" target=\"_blank\" rel=\"noopener\"><strong>ovdje<\/strong><\/a><strong>.<\/strong><\/p>\n<p>Do 29. travnja 2022. godine europske regije mogu organizatorima doga\u0111aja dostaviti kratke video zapise koji predstavljaju svoje inovativne aktivnosti\/inicijative\/projekte vezane uz istra\u017eivanje i inovacije. Odabrani isje\u010dci bit \u0107e prikazani tijekom WIRE 2022.<\/p>","protected":false},"excerpt":{"rendered":"<p>Tjedan inovativnih regija u Europi (WIRE) glavni je europski politi\u010dki forum za inovacije i regionalni razvoj. Konferencija pru\u017ea platformu kreatorima politika, javnim tijelima, centrima znanja i poduze\u0107ima za raspravu o istra\u017eiva\u010dkim i inovacijskim praksama, izazovima i prilikama diljem europskih regija, s izravnim pogledom na sada\u0161nje i budu\u0107e mogu\u0107nosti financiranja EU-a. Doma\u0107in ovogodi\u0161njeg izdanja WIRE-a pod [&hellip;]<\/p>","protected":false},"author":2,"featured_media":7867,"comment_status":"closed","ping_status":"closed","sticky":false,"template":"","format":"standard","meta":{"_et_pb_use_builder":"","_et_pb_old_content":"","_et_gb_content_width":"","footnotes":""},"categories":[4],"tags":[],"class_list":["post-7866","post","type-post","status-publish","format-standard","has-post-thumbnail","hentry","category-vijesti"],"_links":{"self":[{"href":"https:\/\/www.ra-vsz.hr\/en\/wp-json\/wp\/v2\/posts\/7866","targetHints":{"allow":["GET"]}}],"collection":[{"href":"https:\/\/www.ra-vsz.hr\/en\/wp-json\/wp\/v2\/posts"}],"about":[{"href":"https:\/\/www.ra-vsz.hr\/en\/wp-json\/wp\/v2\/types\/post"}],"author":[{"embeddable":true,"href":"https:\/\/www.ra-vsz.hr\/en\/wp-json\/wp\/v2\/users\/2"}],"replies":[{"embeddable":true,"href":"https:\/\/www.ra-vsz.hr\/en\/wp-json\/wp\/v2\/comments?post=7866"}],"version-history":[{"count":1,"href":"https:\/\/www.ra-vsz.hr\/en\/wp-json\/wp\/v2\/posts\/7866\/revisions"}],"predecessor-version":[{"id":11060,"href":"https:\/\/www.ra-vsz.hr\/en\/wp-json\/wp\/v2\/posts\/7866\/revisions\/11060"}],"wp:featuredmedia":[{"embeddable":true,"href":"https:\/\/www.ra-vsz.hr\/en\/wp-json\/"}],"wp:attachment":[{"href":"https:\/\/www.ra-vsz.hr\/en\/wp-json\/wp\/v2\/media?parent=7866"}],"wp:term":[{"taxonomy":"category","embeddable":true,"href":"https:\/\/www.ra-vsz.hr\/en\/wp-json\/wp\/v2\/categories?post=7866"},{"taxonomy":"post_tag","embeddable":true,"href":"https:\/\/www.ra-vsz.hr\/en\/wp-json\/wp\/v2\/tags?post=7866"}],"curies":[{"name":"wp","href":"https:\/\/api.w.org\/{rel}","templated":true}]}}