{"id":7838,"date":"2022-04-22T13:54:37","date_gmt":"2022-04-22T11:54:37","guid":{"rendered":"https:\/\/www.ra-vsz.hr\/?p=7838"},"modified":"2023-02-12T17:04:10","modified_gmt":"2023-02-12T17:04:10","slug":"suncani-krovovi-u-opcini-andrijasevci-jankovci-i-opcini-privlaka","status":"publish","type":"post","link":"https:\/\/www.ra-vsz.hr\/en\/suncani-krovovi-u-opcini-andrijasevci-jankovci-i-opcini-privlaka\/","title":{"rendered":"Sun\u010dani krovovi u Op\u0107ini Andrija\u0161evci, Jankovci i Op\u0107ini Privlaka"},"content":{"rendered":"<p>Ministarstvo regionalnoga razvoja i fondova Europske unije u ulozi Upravitelja Programa \u201eEnergija i klimatske promjene\u201c nakon provedenog postupka provjere i odabira projekata u okviru Otvorenog poziva na dostavu projektnih prijedloga \u201ePove\u0107anje kapaciteta za proizvodnju solarne energije\u201c predlo\u017eilo je dono\u0161enje Odluke o financiranju za projekt \u201eSun\u010dani krovovi u Op\u0107ini Andrija\u0161evci, Jankovci i Op\u0107ini Privlaka\u201c. Navedeni projekt pripremila je Razvojna agencija Vukovarsko-srijemske \u017eupanije uz aktivnu suradnju sve tri op\u0107ine &#8211; Op\u0107ine Andrija\u0161evci u ulozi nositelja projekta te Op\u0107ine Privlaka i Op\u0107ine Stari Jankovci kao partnera na projektu.<\/p>\n<p>Ukupna vrijednost projekta je 2.381.848.00 HRK, a sufinanciran je 85% sredstvima Financijskog mehanizma Europskog gospodarskog programa 2014-2021., uz tehni\u010dku i stru\u010dnu podr\u0161ku Energetskog instituta Hrvoje Po\u017ear kao Programskog partnera te Norve\u0161ke uprave za vodne resurse i energiju kao Programskog partnera dr\u017eave donatora.<\/p>\n<p>Cilj projekta je pove\u0107ati proizvodnju solarne energije, oja\u010dati kapacitete za upravljanje i promicanje kori\u0161tenja obnovljivih izvora energije te postaviti fotonaponske elektrane na \u010dak 11 zgrada javne namjene u tri op\u0107ine (Andrija\u0161evci, S.Jankovci i Privlaka) s podru\u010dja Vukovarsko-srijemske \u017eupanije. Kroz projektne aktivnosti Op\u0107ine \u0107e uvoditi nove prakse gospodarenja energijom, poticati koncept odr\u017eivog razvoja, odr\u017eati radionice na temu kori\u0161tenja \u010distih izvora energije i odr\u017eive ekonomije kako bi potaknuli lokalno stanovni\u0161tvo i poduzetnike na pojedina\u010dna ulaganja u projekte OIE te tako doprinijeli razvoju niskouglji\u010dnog dru\u0161tva.<\/p>","protected":false},"excerpt":{"rendered":"<p>Ministarstvo regionalnoga razvoja i fondova Europske unije u ulozi Upravitelja Programa \u201eEnergija i klimatske promjene\u201c nakon provedenog postupka provjere i odabira projekata u okviru Otvorenog poziva na dostavu projektnih prijedloga \u201ePove\u0107anje kapaciteta za proizvodnju solarne energije\u201c predlo\u017eilo je dono\u0161enje Odluke o financiranju za projekt \u201eSun\u010dani krovovi u Op\u0107ini Andrija\u0161evci, Jankovci i Op\u0107ini Privlaka\u201c. Navedeni projekt [&hellip;]<\/p>","protected":false},"author":2,"featured_media":7839,"comment_status":"closed","ping_status":"closed","sticky":false,"template":"","format":"standard","meta":{"_et_pb_use_builder":"","_et_pb_old_content":"","_et_gb_content_width":"","footnotes":""},"categories":[4],"tags":[],"class_list":["post-7838","post","type-post","status-publish","format-standard","has-post-thumbnail","hentry","category-vijesti"],"_links":{"self":[{"href":"https:\/\/www.ra-vsz.hr\/en\/wp-json\/wp\/v2\/posts\/7838","targetHints":{"allow":["GET"]}}],"collection":[{"href":"https:\/\/www.ra-vsz.hr\/en\/wp-json\/wp\/v2\/posts"}],"about":[{"href":"https:\/\/www.ra-vsz.hr\/en\/wp-json\/wp\/v2\/types\/post"}],"author":[{"embeddable":true,"href":"https:\/\/www.ra-vsz.hr\/en\/wp-json\/wp\/v2\/users\/2"}],"replies":[{"embeddable":true,"href":"https:\/\/www.ra-vsz.hr\/en\/wp-json\/wp\/v2\/comments?post=7838"}],"version-history":[{"count":1,"href":"https:\/\/www.ra-vsz.hr\/en\/wp-json\/wp\/v2\/posts\/7838\/revisions"}],"predecessor-version":[{"id":11056,"href":"https:\/\/www.ra-vsz.hr\/en\/wp-json\/wp\/v2\/posts\/7838\/revisions\/11056"}],"wp:featuredmedia":[{"embeddable":true,"href":"https:\/\/www.ra-vsz.hr\/en\/wp-json\/"}],"wp:attachment":[{"href":"https:\/\/www.ra-vsz.hr\/en\/wp-json\/wp\/v2\/media?parent=7838"}],"wp:term":[{"taxonomy":"category","embeddable":true,"href":"https:\/\/www.ra-vsz.hr\/en\/wp-json\/wp\/v2\/categories?post=7838"},{"taxonomy":"post_tag","embeddable":true,"href":"https:\/\/www.ra-vsz.hr\/en\/wp-json\/wp\/v2\/tags?post=7838"}],"curies":[{"name":"wp","href":"https:\/\/api.w.org\/{rel}","templated":true}]}}