{"id":7833,"date":"2022-04-21T14:22:33","date_gmt":"2022-04-21T12:22:33","guid":{"rendered":"https:\/\/www.ra-vsz.hr\/?p=7833"},"modified":"2023-02-12T17:04:02","modified_gmt":"2023-02-12T17:04:02","slug":"nagrada-2022-odrzivi-razvoj-i-promocija-kulturnog-turizma-diljem-europe","status":"publish","type":"post","link":"https:\/\/www.ra-vsz.hr\/en\/nagrada-2022-odrzivi-razvoj-i-promocija-kulturnog-turizma-diljem-europe\/","title":{"rendered":"Nagrada 2022. \u2013 Odr\u017eivi razvoj i promocija kulturnog turizma diljem Europe"},"content":{"rendered":"<p>Kulturni turizam najbr\u017ee je rastu\u0107i sektor europskog turizma i mo\u017ee pridonijeti odr\u017eivosti i konkurentnosti turizma u Europskoj uniji i izvan nje, kao i odr\u017eivoj budu\u0107nosti kulturnih dobara, znamenitosti i lokalnih zajednica.<\/p>\n<p>Kulturno-turisti\u010dki proizvodi i usluge va\u017eni su \u010dimbenici odr\u017eivog razvoja, doprinose\u0107i za\u0161titi i promicanju kulturne ba\u0161tine, produljenju turisti\u010dkog razdoblja, kao i pove\u0107anju svijesti o kulturi i ba\u0161tini me\u0111u turistima i zajednicama doma\u0107inima, regionalnom BDP-u i njegovim multiplikativnim u\u010dincima.<\/p>\n<p>Ove nagrade pove\u0107avaju vidljivost europskih kulturnih turisti\u010dkih destinacija, stvaraju platformu za dijeljenje iskustva i znanja te promi\u010de umre\u017eavanje izme\u0111u odredi\u0161ta. Natje\u010daj za dodjelu nagrada otvoren je za turisti\u010dka odredi\u0161ta diljem Europe kako bi svake godine prikazali svoje rezultate i rezultate u odr\u017eivom kulturnom turizmu u nekoliko odabranih kategorija.<\/p>\n<p>Nagrade od 2014. organizira ECTN oko godi\u0161njih tema, za dobrobit destinacija, zajednica, udruga, poduze\u0107a, gra\u0111ana i posjetitelja.<\/p>\n<p>Izdanje nagrada za &#8216;Destinaciju odr\u017eivog kulturnog turizma&#8217; za 2022. organizira ECTN u partnerstvu s Europa Nostra, Europskom komisijom za putovanja i NECSTouR, uz potporu Europskog udru\u017eenja arheologa (EAA), Interpret Europe i ReInHerit Horizon2020 Coordination i Akcija podr\u0161ke. Nadovezuje se na izdanje nagrada 2018. koje je odr\u017eano kao doprinos &#8216;Europskoj godini kulturne ba\u0161tine&#8217; (EYCH2018) i izdanjima 2019., 2020. i 2021., od strane sli\u010dnog partnerstva koje ima za cilj pridonijeti naslije\u0111u EYCH2018. putem relevantnih inicijativa EU-a.<\/p>\n<p><strong>Poziv<\/strong><\/p>\n<p>Op\u0107a tema za 2022. godinu je Ponovno pokretanje europskog turizma kroz kulturnu ba\u0161tinu i digitalizaciju.<br \/>\nNagrade \u0107e se dodijeliti za postignu\u0107a kulturno-turisti\u010dkih odredi\u0161ta koja su dala zna\u010dajne rezultate u pobolj\u0161anju do\u017eivljaja posjetitelja uz po\u0161tivanje tradicije i uklju\u010divanje lokalnih zajednica doma\u0107ina.<\/p>\n<p>Nagrade za 2022. godinu bave se sljede\u0107im aspektima razvoja i promocije odr\u017eivog kulturnog turizma koji se odnose na ba\u0161tinu :<br \/>\n&#8211; suradnja izme\u0111u muzeja i mjesta kulturne ba\u0161tine (uklju\u010duju\u0107i mjesta Oznake europske ba\u0161tine), u odnosu na &#8216;ReInHerit &#8216; Horizon2020 CSA<br \/>\n&#8211; srednjovjekovna ba\u0161tina i arheologija (podr\u017eava EAA \u2013 Europsko udru\u017eenje arheologa)<br \/>\n&#8211; digitalizacija u odr\u017eivom kulturnom turizmu, prema pametnim destinacijama<br \/>\n&#8211; transnacionalni tematski turisti\u010dki proizvodi, uklju\u010duju\u0107i europske kulturne rute (koji uklju\u010duju najmanje dvije zemlje)<br \/>\n&#8211; promicanje europske ba\u0161tine mladim posjetiteljima i putnicima (u okviru Europske godine mladih 2022.).<\/p>\n<p>Dobitnici nagrada bit \u0107e objavljeni na sve\u010danoj dodjeli nagrada koja \u0107e se odr\u017eati tijekom 15. me\u0111unarodne konferencije za kulturni turizam na temu &#8216; Ponovno pokretanje europskog turizma kroz kulturnu ba\u0161tinu i digitalizaciju &#8216; u organizaciji ETCN-a od 19. do 22. listopada 2022. u Krku, Hrvatska.<\/p>\n<p>Odabrani finalisti bit \u0107e pozvani na ECTN konferenciju 2022. i na ceremoniju dodjele nagrada. Organizator i partneri ne\u0107e nadoknaditi nikakve tro\u0161kove za prisustvovanje ceremoniji dodjele nagrada, ali \u0107e biti oslobo\u0111eni kotizacije za najvi\u0161e dvije osobe po finalistu.<\/p>\n<p><strong>Tko se mo\u017ee prijaviti?<\/strong><\/p>\n<p>Zajedni\u010dke nagrade otvorene su za sva turisti\u010dka odredi\u0161ta diljem Europe, nacionalne, regionalne i lokalne vlasti, turisti\u010dke zajednice i udruge, organizacije za upravljanje destinacijama, muzeje, interpretacijske centre, kulturne rute, festivale i kulturne nevladine organizacije. Obrazac za prijavu, izjava i rok Obrazac za prijavu i potrebnu deklaraciju mogu se preuzeti u Word formatu na web stranici:\u00a0<a href=\"https:\/\/www.culturaltourism-network.eu\/award-2022.html\" target=\"_blank\" rel=\"noopener\">www.culturaltourism-network.eu\/award-2022.html<\/a><\/p>\n<p><strong>Prijave se moraju podnijeti najkasnije do 1. lipnja 2022. godine do 17:00 sati po srednjoeuropskom vremenu.<\/strong><\/p>","protected":false},"excerpt":{"rendered":"<p>Kulturni turizam najbr\u017ee je rastu\u0107i sektor europskog turizma i mo\u017ee pridonijeti odr\u017eivosti i konkurentnosti turizma u Europskoj uniji i izvan nje, kao i odr\u017eivoj budu\u0107nosti kulturnih dobara, znamenitosti i lokalnih zajednica. Kulturno-turisti\u010dki proizvodi i usluge va\u017eni su \u010dimbenici odr\u017eivog razvoja, doprinose\u0107i za\u0161titi i promicanju kulturne ba\u0161tine, produljenju turisti\u010dkog razdoblja, kao i pove\u0107anju svijesti o kulturi [&hellip;]<\/p>","protected":false},"author":2,"featured_media":7834,"comment_status":"closed","ping_status":"closed","sticky":false,"template":"","format":"standard","meta":{"_et_pb_use_builder":"","_et_pb_old_content":"","_et_gb_content_width":"","footnotes":""},"categories":[4],"tags":[],"class_list":["post-7833","post","type-post","status-publish","format-standard","has-post-thumbnail","hentry","category-vijesti"],"_links":{"self":[{"href":"https:\/\/www.ra-vsz.hr\/en\/wp-json\/wp\/v2\/posts\/7833","targetHints":{"allow":["GET"]}}],"collection":[{"href":"https:\/\/www.ra-vsz.hr\/en\/wp-json\/wp\/v2\/posts"}],"about":[{"href":"https:\/\/www.ra-vsz.hr\/en\/wp-json\/wp\/v2\/types\/post"}],"author":[{"embeddable":true,"href":"https:\/\/www.ra-vsz.hr\/en\/wp-json\/wp\/v2\/users\/2"}],"replies":[{"embeddable":true,"href":"https:\/\/www.ra-vsz.hr\/en\/wp-json\/wp\/v2\/comments?post=7833"}],"version-history":[{"count":1,"href":"https:\/\/www.ra-vsz.hr\/en\/wp-json\/wp\/v2\/posts\/7833\/revisions"}],"predecessor-version":[{"id":11055,"href":"https:\/\/www.ra-vsz.hr\/en\/wp-json\/wp\/v2\/posts\/7833\/revisions\/11055"}],"wp:featuredmedia":[{"embeddable":true,"href":"https:\/\/www.ra-vsz.hr\/en\/wp-json\/"}],"wp:attachment":[{"href":"https:\/\/www.ra-vsz.hr\/en\/wp-json\/wp\/v2\/media?parent=7833"}],"wp:term":[{"taxonomy":"category","embeddable":true,"href":"https:\/\/www.ra-vsz.hr\/en\/wp-json\/wp\/v2\/categories?post=7833"},{"taxonomy":"post_tag","embeddable":true,"href":"https:\/\/www.ra-vsz.hr\/en\/wp-json\/wp\/v2\/tags?post=7833"}],"curies":[{"name":"wp","href":"https:\/\/api.w.org\/{rel}","templated":true}]}}