{"id":7772,"date":"2022-04-13T13:32:57","date_gmt":"2022-04-13T11:32:57","guid":{"rendered":"https:\/\/www.ra-vsz.hr\/?p=7772"},"modified":"2023-02-12T17:00:28","modified_gmt":"2023-02-12T17:00:28","slug":"global-gateway-21-22-lipnja","status":"publish","type":"post","link":"https:\/\/www.ra-vsz.hr\/en\/global-gateway-21-22-lipnja\/","title":{"rendered":"Global Gateway 21. \u2013 22. lipnja"},"content":{"rendered":"<p>Globalni forum o razvojnoj suradnji \u201eEuropski dani razvoja\u201d za 2022. godinu odr\u017eat \u0107e se 21. i 22. lipnja na temu <em>\u201eGlobal Gateway: izgradnja odr\u017eivih partnerstava za povezani svijet\u201d.<\/em><\/p>\n<p>U okviru Europskih dana razvoja odr\u017eat \u0107e se niz panela na visokoj razini o pet glavnih tema inicijative Global Gateway: digitalizacija, klima i energetika, transport, zdravlje, obrazovanje i istra\u017eivanje. Bit \u0107e organizirane tematske sesije o geopoliti\u010dkom kontekstu i potrebi za odr\u017eivim tokovima financiranja, a tako\u0111er i tematske sesije o svakoj od regija.<\/p>\n<p>Cilj strategije Global Gateway je mobiliziranje ulaganja u odr\u017eive infrastrukture kako bi se stvorili povoljni regulatorni okviri u cijelom svijetu. To je zelena, pametna i uklju\u010diva pozitivna ponuda EU-a partnerskim zemljama za ulaganja u infrastrukturu koja odgovara standardima EU-a i me\u0111unarodnim standardima.<\/p>\n<p>Inicijativa Global Gateway poti\u010de dvostruke tranzicije diljem svijeta.<\/p>\n<p>Europski dani razvoja bit \u0107e hibridno doga\u0111anje. O\u010dekuje se da \u0107e u Bruxelles do\u0107i 2.500 sudionika iz cijelog svijeta i da \u0107e daljnjih 10 000 sudjelovati putem interneta.<\/p>\n<p>Cijeli program Europskih dana razvoja bit \u0107e dostupan po\u010detkom svibnja.<\/p>\n<p>Prijave su mogu\u0107e do 6. lipnja 2022. godine.<\/p>\n<p>Izvor: <a href=\"https:\/\/croatia.representation.ec.europa.eu\/news\/global-gateway-predsjednica-von-der-leyen-najavila-vazan-dogadaj-21-22-lipnja-2022-04-13_hr\" target=\"_blank\" rel=\"noopener\">Predstavni\u0161tvo Europske komisije u Hrvatskoj<\/a><\/p>","protected":false},"excerpt":{"rendered":"<p>Globalni forum o razvojnoj suradnji \u201eEuropski dani razvoja\u201d za 2022. godinu odr\u017eat \u0107e se 21. i 22. lipnja na temu \u201eGlobal Gateway: izgradnja odr\u017eivih partnerstava za povezani svijet\u201d. U okviru Europskih dana razvoja odr\u017eat \u0107e se niz panela na visokoj razini o pet glavnih tema inicijative Global Gateway: digitalizacija, klima i energetika, transport, zdravlje, obrazovanje [&hellip;]<\/p>","protected":false},"author":2,"featured_media":7773,"comment_status":"closed","ping_status":"closed","sticky":false,"template":"","format":"standard","meta":{"_et_pb_use_builder":"","_et_pb_old_content":"","_et_gb_content_width":"","footnotes":""},"categories":[4],"tags":[],"class_list":["post-7772","post","type-post","status-publish","format-standard","has-post-thumbnail","hentry","category-vijesti"],"_links":{"self":[{"href":"https:\/\/www.ra-vsz.hr\/en\/wp-json\/wp\/v2\/posts\/7772","targetHints":{"allow":["GET"]}}],"collection":[{"href":"https:\/\/www.ra-vsz.hr\/en\/wp-json\/wp\/v2\/posts"}],"about":[{"href":"https:\/\/www.ra-vsz.hr\/en\/wp-json\/wp\/v2\/types\/post"}],"author":[{"embeddable":true,"href":"https:\/\/www.ra-vsz.hr\/en\/wp-json\/wp\/v2\/users\/2"}],"replies":[{"embeddable":true,"href":"https:\/\/www.ra-vsz.hr\/en\/wp-json\/wp\/v2\/comments?post=7772"}],"version-history":[{"count":1,"href":"https:\/\/www.ra-vsz.hr\/en\/wp-json\/wp\/v2\/posts\/7772\/revisions"}],"predecessor-version":[{"id":11042,"href":"https:\/\/www.ra-vsz.hr\/en\/wp-json\/wp\/v2\/posts\/7772\/revisions\/11042"}],"wp:featuredmedia":[{"embeddable":true,"href":"https:\/\/www.ra-vsz.hr\/en\/wp-json\/"}],"wp:attachment":[{"href":"https:\/\/www.ra-vsz.hr\/en\/wp-json\/wp\/v2\/media?parent=7772"}],"wp:term":[{"taxonomy":"category","embeddable":true,"href":"https:\/\/www.ra-vsz.hr\/en\/wp-json\/wp\/v2\/categories?post=7772"},{"taxonomy":"post_tag","embeddable":true,"href":"https:\/\/www.ra-vsz.hr\/en\/wp-json\/wp\/v2\/tags?post=7772"}],"curies":[{"name":"wp","href":"https:\/\/api.w.org\/{rel}","templated":true}]}}