{"id":7740,"date":"2022-04-13T08:26:09","date_gmt":"2022-04-13T06:26:09","guid":{"rendered":"https:\/\/www.ra-vsz.hr\/?p=7740"},"modified":"2023-02-12T16:59:43","modified_gmt":"2023-02-12T16:59:43","slug":"poziv-bespovratna-sredstva-za-europsku-godinu-mladih","status":"publish","type":"post","link":"https:\/\/www.ra-vsz.hr\/en\/poziv-bespovratna-sredstva-za-europsku-godinu-mladih\/","title":{"rendered":"Poziv &#8211; Bespovratna sredstva za Europsku godinu mladih"},"content":{"rendered":"<p>Poziv, <strong>Bespovratna sredstva za Europsku godinu mladih (EP-COMM-SUBV-2022-EYY)<\/strong> akcija je <strong>Europskog parlamenta<\/strong> u okviru <strong>Europske godine mladih 2022.<\/strong><\/p>\n<p>Glavni cilj poziva je poticati i olak\u0161ati aktivan anga\u017eman\u00a0<strong>mladih europskih gra\u0111ana<\/strong>\u00a0izgradnjom dinami\u010dne europske demokracije imaju\u0107i posebno na umu njihovo sudjelovanje na europskim izborima 2024. Europski parlament \u017eeli sufinancirati projekte kojima se artikulira dosljedan i tro\u0161kovno u\u010dinkovit program rada koji obuhva\u0107a dvije vrste djelovanja:<\/p>\n<ul>\n<li>prva akcija sastoji se od stvaranja paneuropskih mre\u017ea zagovornika demokratskog sudjelovanja odabirom mladih koji \u0107e se osposobiti. Svaka mre\u017ea zagovornika trebala bi obuhva\u0107ati najmanje sedam dr\u017eava \u010dlanica Europske unije. Prijavitelj u prijedlogu projekta mora detaljno opisati izbor zemalja koje su napravili, kao i proces identifikacije i odabira mladih zagovornika koji \u010dine nove paneuropske mre\u017ee<\/li>\n<li>druga mjera sastoji se od osmi\u0161ljavanja i provedbe izgradnje kapaciteta osposobljavanjem, s ciljem pru\u017eanja vje\u0161tina, kompetencija i alata mladim zagovornicima kako bi imali aktivnu ulogu u demokratskom \u017eivotu i promicanju demokratskih vrijednosti, uklju\u010duju\u0107i sudjelovanje na europskim izborima 2024 godine.<\/li>\n<\/ul>\n<p>O\u010dekivani rezultati mjera koje se financiraju u okviru ovog poziva su:<\/p>\n<ul>\n<li>pove\u0107ana svijest mladih europskih gra\u0111ana o djelovanju Europske unije i njezinih institucija, posebno Europskog parlamenta<\/li>\n<li>uspostava paneuropskih participativnih kanala, povezivanje Europskog parlamenta s mla\u0111im gra\u0111anima i poticanje njihova aktivnog sudjelovanja, Together.eu-\u00a0platforma Europskog parlamenta<\/li>\n<li>pove\u0107an anga\u017eman mladih europskih gra\u0111ana u izgradnji dinami\u010dne europske demokracije, \u010dime se poti\u010de njihovo aktivno sudjelovanje, te sudjelovanje u komunikacijskoj kampanji za europske izbore 2024 godine.<\/li>\n<\/ul>\n<p>Podnositelji zahtjeva moraju biti u mogu\u0107nosti dokazati da su:<\/p>\n<ul>\n<li>paneuropska organizacija mladih (neprofitne organizacije mladih, dobrovoljne i participativne nevladine udruge koje vode mladi), ili<\/li>\n<li>paneuropska organizacija civilnog dru\u0161tva (organizacijska struktura \u010diji \u010dlanovi slu\u017ee op\u0107em interesu kroz demokratski proces i koja ima ulogu posrednika izme\u0111u tijela javne vlasti i gra\u0111ana).<\/li>\n<\/ul>\n<p>U svrhu ovog poziva, koncept paneuropske organizacije odnosi se na:<\/p>\n<ul>\n<li>bilo koju nacionalnu organizaciju sa \u010dlanstvom koja je dio mre\u017ee organizacija koje dijele zajedni\u010dke vrijednosti. Samo organizacije koje su dio mre\u017ee zastupljene u sedam ili vi\u0161e dr\u017eava \u010dlanica mogu podnijeti prijedloge na ovaj poziv, ili<\/li>\n<li>organizacije koje predstavljaju interese \u0161iroke skupine organizacija \u010dlanica iz razli\u010ditih dr\u017eava \u010dlanica. Samo organizacije s organizacijama \u010dlanicama iz sedam ili vi\u0161e dr\u017eava \u010dlanica mogu podnijeti prijedloge na ovaj poziv.<\/li>\n<\/ul>\n<p>Prijave podnesene od strane konzorcija nisu prihvatljive.<\/p>\n<p><strong>Ukupni prora\u010dun<\/strong> iznosi 1.000,000,00 eura.<\/p>\n<p><strong>Rok za prijavu<\/strong> je 11. svibnja 2022. godine.<\/p>\n<p><a href=\"https:\/\/www.europarl.europa.eu\/contracts-and-grants\/files\/grants\/media-and-events\/2022\/eyy2022\/1-call-for-proposals-ep-comm-subv-2022-evy.docx\" target=\"_blank\" rel=\"noopener\">Dokument poziva<\/a><\/p>\n<p><a href=\"https:\/\/www.europarl.europa.eu\/contracts-and-grants\/files\/grants\/media-and-events\/2022\/eyy2022\/2-application-form-ep-comm-subv-2022-evy.docx\" target=\"_blank\" rel=\"noopener\">Standardni obrazac za prijavu<\/a><\/p>\n<p><a href=\"https:\/\/ec.europa.eu\/info\/funding-tenders\/opportunities\/portal\/screen\/opportunities\/topic-details\/ep-comm-subv-2022-eyy;callCode=null;freeTextSearchKeyword=;matchWholeText=true;typeCodes=1,2,8;statusCodes=31094502;programmePeriod=2021%20-%202027;programCcm2Id=null;programDivisionCode=null;focusAreaCode=null;destination=null;mission=null;geographicalZonesCode=null;programmeDivisionProspect=null;startDateLte=null;startDateGte=null;crossCuttingPriorityCode=null;cpvCode=null;performanceOfDelivery=null;sortQuery=openingDate;orderBy=asc;onlyTenders=false;topicListKey=topicSearchTablePageState\" target=\"_blank\" rel=\"noopener\">Slu\u017ebeni poziv<\/a><\/p>","protected":false},"excerpt":{"rendered":"<p>Poziv, Bespovratna sredstva za Europsku godinu mladih (EP-COMM-SUBV-2022-EYY) akcija je Europskog parlamenta u okviru Europske godine mladih 2022. Glavni cilj poziva je poticati i olak\u0161ati aktivan anga\u017eman\u00a0mladih europskih gra\u0111ana\u00a0izgradnjom dinami\u010dne europske demokracije imaju\u0107i posebno na umu njihovo sudjelovanje na europskim izborima 2024. Europski parlament \u017eeli sufinancirati projekte kojima se artikulira dosljedan i tro\u0161kovno u\u010dinkovit program [&hellip;]<\/p>","protected":false},"author":2,"featured_media":7741,"comment_status":"closed","ping_status":"closed","sticky":false,"template":"","format":"standard","meta":{"_et_pb_use_builder":"","_et_pb_old_content":"","_et_gb_content_width":"","footnotes":""},"categories":[4],"tags":[],"class_list":["post-7740","post","type-post","status-publish","format-standard","has-post-thumbnail","hentry","category-vijesti"],"_links":{"self":[{"href":"https:\/\/www.ra-vsz.hr\/en\/wp-json\/wp\/v2\/posts\/7740","targetHints":{"allow":["GET"]}}],"collection":[{"href":"https:\/\/www.ra-vsz.hr\/en\/wp-json\/wp\/v2\/posts"}],"about":[{"href":"https:\/\/www.ra-vsz.hr\/en\/wp-json\/wp\/v2\/types\/post"}],"author":[{"embeddable":true,"href":"https:\/\/www.ra-vsz.hr\/en\/wp-json\/wp\/v2\/users\/2"}],"replies":[{"embeddable":true,"href":"https:\/\/www.ra-vsz.hr\/en\/wp-json\/wp\/v2\/comments?post=7740"}],"version-history":[{"count":1,"href":"https:\/\/www.ra-vsz.hr\/en\/wp-json\/wp\/v2\/posts\/7740\/revisions"}],"predecessor-version":[{"id":11038,"href":"https:\/\/www.ra-vsz.hr\/en\/wp-json\/wp\/v2\/posts\/7740\/revisions\/11038"}],"wp:featuredmedia":[{"embeddable":true,"href":"https:\/\/www.ra-vsz.hr\/en\/wp-json\/"}],"wp:attachment":[{"href":"https:\/\/www.ra-vsz.hr\/en\/wp-json\/wp\/v2\/media?parent=7740"}],"wp:term":[{"taxonomy":"category","embeddable":true,"href":"https:\/\/www.ra-vsz.hr\/en\/wp-json\/wp\/v2\/categories?post=7740"},{"taxonomy":"post_tag","embeddable":true,"href":"https:\/\/www.ra-vsz.hr\/en\/wp-json\/wp\/v2\/tags?post=7740"}],"curies":[{"name":"wp","href":"https:\/\/api.w.org\/{rel}","templated":true}]}}