{"id":7728,"date":"2022-04-11T11:38:26","date_gmt":"2022-04-11T09:38:26","guid":{"rendered":"https:\/\/www.ra-vsz.hr\/?p=7728"},"modified":"2023-02-12T16:59:19","modified_gmt":"2023-02-12T16:59:19","slug":"poziv-za-iskazivanje-interesa-o-inovativnoj-provedbi-nacela-partnerstva-u-kohezijskoj-politici","status":"publish","type":"post","link":"https:\/\/www.ra-vsz.hr\/en\/poziv-za-iskazivanje-interesa-o-inovativnoj-provedbi-nacela-partnerstva-u-kohezijskoj-politici\/","title":{"rendered":"Poziv za iskazivanje interesa o inovativnoj provedbi na\u010dela partnerstva u kohezijskoj politici"},"content":{"rendered":"<p>Komisija EU DG REGIO tra\u017ei prijedloge javnih tijela, korisnika i organizacija civilnog dru\u0161tva, zainteresiranih za ja\u010danje sudjelovanja gra\u0111ana u kohezijskoj politici kroz <strong>suradni\u010dka inovativna rje\u0161enja.<\/strong><\/p>\n<p><strong>Poziv za izra\u017eavanje interesa<\/strong> temelji se na prethodnim iskustvima suradnje u ovom podru\u010dju izme\u0111u DG Regio i OECD-a \u0161to je rezultiralo izdavanjem publikacije <a href=\"https:\/\/www.oecd-ilibrary.org\/governance\/engaging-citizens-in-cohesion-policy_486e5a88-en;jsessionid=-sPK0K5Ri7HwQDtV0QJmnR-2.ip-10-240-5-94\" target=\"_blank\" rel=\"noopener\"><strong>Uklju\u010divanje gra\u0111ana u kohezijsku politiku &#8211; Zavr\u0161no izvje\u0161\u0107e DG REGIO i OECD-a o pilot projektu<\/strong><\/a><strong>.<\/strong><\/p>\n<p>Europska komisija sada nudi tehni\u010dku podr\u0161ku stru\u010dnjaka iz OECD-a upravlja\u010dkim tijelima, posredni\u010dkim tijelima ili korisnicima te organizacijama civilnog dru\u0161tva kako\u00a0bi na<strong>\u00a0inovativan na\u010din implementirali na\u010dela partnerstva u kohezijskoj politici EU-a.\u00a0<\/strong>Do\u00a0<strong>10 prijedloga<\/strong>, supotpisanih od strane tijela javne vlasti, korisnika i organizacija civilnog dru\u0161tva, dobit \u0107e pomo\u0107 jedinice Otvorene vlade OECD-a za testiranje novih inovativnih rje\u0161enja za anga\u017eiranje gra\u0111ana.<\/p>\n<p>Takva rje\u0161enja mogu biti u kontekstu osmi\u0161ljavanja, provedbe i\/ili pra\u0107enja programa, ali i strategije specifi\u010dne za jedan od pet ciljeva politike ili \u010dak specifi\u010dnog ulaganja u okviru programa 2021.-2027.<\/p>\n<p>Akcija pru\u017ea osnovu za \u0161irenje dobre prakse za sve \u010dlanice EU-a u sudjelovanju gra\u0111ana u kohezijskoj politici.<\/p>\n<p>Za daljnje pojedinosti pogledajte\u00a0<a href=\"https:\/\/ec.europa.eu\/regional_policy\/sources\/tender\/doc\/propositions\/innovative-partnership\/call.pdf\" target=\"_blank\" rel=\"noopener\"><strong>poziv za iskazivanje interesa o inovativnoj provedbi na\u010dela partnerstva<\/strong><\/a>.\u00a0Pogledajte\u00a0\u00a0<a href=\"https:\/\/ec.europa.eu\/regional_policy\/sources\/tender\/doc\/propositions\/innovative-partnership\/presentation.pdf\" target=\"_blank\" rel=\"noopener\"><strong>prezentaciju<\/strong><\/a>\u00a0\u00a0i \u00a0<a href=\"https:\/\/www.youtube.com\/watch?v=B8yaUbATFM0\" target=\"_blank\" rel=\"noopener\"><strong>video zapis<\/strong><\/a>.\u00a0Kako biste dobili odgovore na svoja pitanja, mo\u017eete\u00a0\u00a0<a href=\"https:\/\/calendly.com\/oecd-dgregio\/follow-up-chat-with-oecd-and-dg-regio?month=2022-04\" target=\"_blank\" rel=\"noopener\">rezervirati 15-minutni razgovor s DG REGIO i OECD<\/a>\u00a0\u00a0u sljede\u0107im terminima:<\/p>\n<ul>\n<li>ponedjeljak 11. travnja 2022. godine \u00a0od 14 do 15 sati<\/li>\n<li>utorak 12. travnja 2022. godine od 11 do 12 sati.<\/li>\n<\/ul>\n<p>Rok za iskazivanje interesa je do 30. travnja 2022. godine.<\/p>\n<p>Zahtjev\u00a0\u00a0treba poslati\u00a0na\u00a0<a href=\"https:\/\/ec.europa.eu\/regional_policy\/sources\/tender\/doc\/propositions\/innovative-partnership\/application-form.docx\" target=\"_blank\" rel=\"noopener\">REGIO-E1-ADMINISTRATIVE-CAPACITY@ec.europa.eu<\/a><\/p>","protected":false},"excerpt":{"rendered":"<p>Komisija EU DG REGIO tra\u017ei prijedloge javnih tijela, korisnika i organizacija civilnog dru\u0161tva, zainteresiranih za ja\u010danje sudjelovanja gra\u0111ana u kohezijskoj politici kroz suradni\u010dka inovativna rje\u0161enja. Poziv za izra\u017eavanje interesa temelji se na prethodnim iskustvima suradnje u ovom podru\u010dju izme\u0111u DG Regio i OECD-a \u0161to je rezultiralo izdavanjem publikacije Uklju\u010divanje gra\u0111ana u kohezijsku politiku &#8211; Zavr\u0161no [&hellip;]<\/p>","protected":false},"author":2,"featured_media":7729,"comment_status":"closed","ping_status":"closed","sticky":false,"template":"","format":"standard","meta":{"_et_pb_use_builder":"","_et_pb_old_content":"","_et_gb_content_width":"","footnotes":""},"categories":[4],"tags":[],"class_list":["post-7728","post","type-post","status-publish","format-standard","has-post-thumbnail","hentry","category-vijesti"],"_links":{"self":[{"href":"https:\/\/www.ra-vsz.hr\/en\/wp-json\/wp\/v2\/posts\/7728","targetHints":{"allow":["GET"]}}],"collection":[{"href":"https:\/\/www.ra-vsz.hr\/en\/wp-json\/wp\/v2\/posts"}],"about":[{"href":"https:\/\/www.ra-vsz.hr\/en\/wp-json\/wp\/v2\/types\/post"}],"author":[{"embeddable":true,"href":"https:\/\/www.ra-vsz.hr\/en\/wp-json\/wp\/v2\/users\/2"}],"replies":[{"embeddable":true,"href":"https:\/\/www.ra-vsz.hr\/en\/wp-json\/wp\/v2\/comments?post=7728"}],"version-history":[{"count":1,"href":"https:\/\/www.ra-vsz.hr\/en\/wp-json\/wp\/v2\/posts\/7728\/revisions"}],"predecessor-version":[{"id":11036,"href":"https:\/\/www.ra-vsz.hr\/en\/wp-json\/wp\/v2\/posts\/7728\/revisions\/11036"}],"wp:featuredmedia":[{"embeddable":true,"href":"https:\/\/www.ra-vsz.hr\/en\/wp-json\/"}],"wp:attachment":[{"href":"https:\/\/www.ra-vsz.hr\/en\/wp-json\/wp\/v2\/media?parent=7728"}],"wp:term":[{"taxonomy":"category","embeddable":true,"href":"https:\/\/www.ra-vsz.hr\/en\/wp-json\/wp\/v2\/categories?post=7728"},{"taxonomy":"post_tag","embeddable":true,"href":"https:\/\/www.ra-vsz.hr\/en\/wp-json\/wp\/v2\/tags?post=7728"}],"curies":[{"name":"wp","href":"https:\/\/api.w.org\/{rel}","templated":true}]}}