{"id":7670,"date":"2022-04-06T14:40:07","date_gmt":"2022-04-06T12:40:07","guid":{"rendered":"https:\/\/www.ra-vsz.hr\/?p=7670"},"modified":"2023-02-12T16:57:30","modified_gmt":"2023-02-12T16:57:30","slug":"program-meduregionalne-suradnje-interreg-europe-2021-2027-objava-1-poziva-na-dostavu-projektnih-prijedloga","status":"publish","type":"post","link":"https:\/\/www.ra-vsz.hr\/en\/program-meduregionalne-suradnje-interreg-europe-2021-2027-objava-1-poziva-na-dostavu-projektnih-prijedloga\/","title":{"rendered":"Program me\u0111uregionalne suradnje Interreg Europe 2021. &#8211; 2027. \u2013 objava 1. poziva na dostavu projektnih prijedloga"},"content":{"rendered":"<p>Program u okviru cilja Europske teritorijalne suradnje pru\u017ea podr\u0161ku me\u0111uregionalnoj suradnji svih dr\u017eava Europske unije te Norve\u0161koj i \u0160vicarskoj s ciljem unaprje\u0111enja politika regionalnoga razvoja.<\/p>\n<p>Financijska omotnica Programa za \u010ditavo razdoblje iznosi oko\u00a0<strong>379 milijuna eura<\/strong>\u00a0iz Europskog fonda za regionalni razvoj.<\/p>\n<p>U novom programskom razdoblju kroz Program \u0107e se sufinancirati projekti u svrhu ja\u010danja upravlja\u010dkih i organizacijskih kapaciteta dionika uklju\u010denih u razvoj i provedbu politika regionalnoga razvoja na programskom podru\u010dju.<\/p>\n<p>Cilj prvog poziva u novom programskom razdoblju je ponuditi \u0161irok tematski raspon za najve\u0107i mogu\u0107i broj zainteresiranih partnera. Usredoto\u010denost programa na specifi\u010dan cilj Interreg-a\u00a0<strong>\u201eBetter cooperation governance\u201c<\/strong>\u00a0otvara korisnicima mogu\u0107nost suradnje na svim temama od zajedni\u010dke va\u017enosti u skladu sa svojim regionalnim potrebama, unutar okvira definiranog ciljevima politike EU-a za programsko razdoblje 2021. &#8211; 2027. (<strong>Pametnija, Zelenija, Povezanija, Socijalnija<\/strong>\u00a0i Europa\u00a0<strong>bli\u017ee gra\u0111anima<\/strong>, te\u00a0<strong>Bolje upravljanje<\/strong>\u00a0provedbom politika regionalnoga razvoja).<\/p>\n<p>Za prijavitelje je otvoreno svih\u00a0<strong>6 tematska prioriteta<\/strong>\u00a0dok vrijednost poziva iznosi oko<strong>\u00a0130 milijuna eura iz EFRR-a<\/strong>\u00a0uz stopu sufinanciranja do\u00a0<strong>80%<\/strong>.<\/p>\n<p>Poziv je otvoren od\u00a0<strong>5. travnja 2022.<\/strong>\u00a0do\u00a0<strong>31. svibnja 2022.<\/strong>\u00a0godine, a ugovaranje i po\u010detak provedbe projekata se o\u010dekuje\u00a0<strong>u sije\u010dnju 2023<\/strong>.<\/p>\n<p>Projektni konzorcij se mora sastojati od najmanje\u00a0<strong>\u010detiri financijska partnera<\/strong>\u00a0iz \u010detiri dr\u017eave iz programskog podru\u010dja po\u0161tuju\u0107i zahtjev geografske zastupljenosti europskih regija (Sjever, Istok, Jug, Zapad), od kojih dva partnera moraju imati sjedi\u0161te u dr\u017eavi \u010dlanici EU. Na iskustvu ste\u010denom u prethodnom programskom razdoblju preporu\u010den broj uklju\u010denih regija je\u00a0<strong>5 do 8 regija<\/strong>, preporu\u010den broj partnera je\u00a0<strong>5 do 16<\/strong>\u00a0projektnih partnera., dok se iznos sufinanciranja po projektu kretao izme\u0111u 1 i 2 milijuna eura iz EFRR -a uz prosje\u010dno trajanje projekta od 4 godine.<\/p>\n<p><strong>Prihvatljivi projektni partneri uklju\u010duju<\/strong><\/p>\n<ul>\n<li>Nacionalna, regionalna ili lokalna tijela javne vlasti<\/li>\n<li>Javnopravna tijela (npr. regionalne razvojne agencije, organizacije za podr\u0161ku poslovanju, sveu\u010dili\u0161ta)<\/li>\n<li>Privatne neprofitne organizacije<\/li>\n<\/ul>","protected":false},"excerpt":{"rendered":"<p>Program u okviru cilja Europske teritorijalne suradnje pru\u017ea podr\u0161ku me\u0111uregionalnoj suradnji svih dr\u017eava Europske unije te Norve\u0161koj i \u0160vicarskoj s ciljem unaprje\u0111enja politika regionalnoga razvoja. Financijska omotnica Programa za \u010ditavo razdoblje iznosi oko\u00a0379 milijuna eura\u00a0iz Europskog fonda za regionalni razvoj. U novom programskom razdoblju kroz Program \u0107e se sufinancirati projekti u svrhu ja\u010danja upravlja\u010dkih i [&hellip;]<\/p>","protected":false},"author":2,"featured_media":7673,"comment_status":"closed","ping_status":"closed","sticky":false,"template":"","format":"standard","meta":{"_et_pb_use_builder":"","_et_pb_old_content":"","_et_gb_content_width":"","footnotes":""},"categories":[4],"tags":[],"class_list":["post-7670","post","type-post","status-publish","format-standard","has-post-thumbnail","hentry","category-vijesti"],"_links":{"self":[{"href":"https:\/\/www.ra-vsz.hr\/en\/wp-json\/wp\/v2\/posts\/7670","targetHints":{"allow":["GET"]}}],"collection":[{"href":"https:\/\/www.ra-vsz.hr\/en\/wp-json\/wp\/v2\/posts"}],"about":[{"href":"https:\/\/www.ra-vsz.hr\/en\/wp-json\/wp\/v2\/types\/post"}],"author":[{"embeddable":true,"href":"https:\/\/www.ra-vsz.hr\/en\/wp-json\/wp\/v2\/users\/2"}],"replies":[{"embeddable":true,"href":"https:\/\/www.ra-vsz.hr\/en\/wp-json\/wp\/v2\/comments?post=7670"}],"version-history":[{"count":1,"href":"https:\/\/www.ra-vsz.hr\/en\/wp-json\/wp\/v2\/posts\/7670\/revisions"}],"predecessor-version":[{"id":11026,"href":"https:\/\/www.ra-vsz.hr\/en\/wp-json\/wp\/v2\/posts\/7670\/revisions\/11026"}],"wp:featuredmedia":[{"embeddable":true,"href":"https:\/\/www.ra-vsz.hr\/en\/wp-json\/"}],"wp:attachment":[{"href":"https:\/\/www.ra-vsz.hr\/en\/wp-json\/wp\/v2\/media?parent=7670"}],"wp:term":[{"taxonomy":"category","embeddable":true,"href":"https:\/\/www.ra-vsz.hr\/en\/wp-json\/wp\/v2\/categories?post=7670"},{"taxonomy":"post_tag","embeddable":true,"href":"https:\/\/www.ra-vsz.hr\/en\/wp-json\/wp\/v2\/tags?post=7670"}],"curies":[{"name":"wp","href":"https:\/\/api.w.org\/{rel}","templated":true}]}}