{"id":7634,"date":"2022-03-31T08:43:04","date_gmt":"2022-03-31T06:43:04","guid":{"rendered":"https:\/\/www.ra-vsz.hr\/?p=7634"},"modified":"2023-02-12T16:55:12","modified_gmt":"2023-02-12T16:55:12","slug":"pilot-akcija-o-partnerstvima-za-regionalne-inovacije","status":"publish","type":"post","link":"https:\/\/www.ra-vsz.hr\/en\/pilot-akcija-o-partnerstvima-za-regionalne-inovacije\/","title":{"rendered":"Pilot akcija o partnerstvima za regionalne inovacije"},"content":{"rendered":"<p><strong>Europski odbor regija i Zajedni\u010dki istra\u017eiva\u010dki centar Europske komisije (JRC) <\/strong>pokrenuli su<strong>\u00a0poziv za iskazivanje interesa za novu pilot-akciju o partnerstvima za regionalne inovacije.<\/strong><\/p>\n<p>U pilot-akciji sudjelovat \u0107e do\u00a0<strong>24 europska sudionika<\/strong>\u00a0(dr\u017eave \u010dlanice, regije ili skupine regija) koje se osje\u0107aju potaknutima na preobrazbu svojih gospodarstava i dru\u0161tava i koje su spremne dodatno razviti vlastiti strate\u0161ki politi\u010dki okvir koji se bavi inovacijama, industrijskim razvojem, tranzicijama u pogledu odr\u017eivosti i \u0161irim gospodarskim i socijalnim razvojem.<\/p>\n<p>Partnerstva za regionalne inovacije komplementarni su pristup koji se temelji na pozitivnim iskustvima sa strategijama pametne specijalizacije. Cilj je inicijative pobolj\u0161ati koordinaciju i usmjeravanje regionalnih, nacionalnih politika i politika EU-a za istra\u017eivanje i inovacije kako bi se provela europska zelena i digitalna tranzicija te rije\u0161io problem jaza u inovacijama u EU-u.<\/p>\n<p>Partnerstva \u0107e biti \u010dvrsto utemeljena u politi\u010dkom okviru EU-a, podupiru\u0107i provedbu\u00a0<a href=\"https:\/\/ec.europa.eu\/info\/strategy\/priorities-2019-2024\/european-green-deal_en\" target=\"_blank\" rel=\"noopener\"><strong>Europskog zelenog plana<\/strong><\/a>,\u00a0<a href=\"https:\/\/ec.europa.eu\/info\/research-and-innovation\/funding\/funding-opportunities\/funding-programmes-and-open-calls\/horizon-europe_en\" target=\"_blank\" rel=\"noopener\"><strong>Obzor Europa<\/strong><\/a>,\u00a0<a href=\"https:\/\/ec.europa.eu\/regional_policy\/en\/2021_2027\/\" target=\"_blank\" rel=\"noopener\"><strong>kohezijsku politiku<\/strong>\u00a0<\/a>i\u00a0<a href=\"https:\/\/europa.eu\/next-generation-eu\/index_en\" target=\"_blank\" rel=\"noopener\"><strong>Instrument NextGenerationEU<\/strong><\/a>. Posebna pozornost posvetit \u0107e se alatima i mehanizmima upravljanja kojima se mobilizira vi\u0161e izvora financiranja i politika za pove\u0107anje u\u010dinka i koji mogu pomo\u0107i u povezivanju regionalnih i nacionalnih inicijativa s inicijativama EU-a za dvostruku tranziciju.<\/p>\n<p>O\u010dekuje se da \u0107e sudionici pilot-akcije u bliskoj suradnji s JRC-om i OR-om utvrditi podru\u010dja na koja \u017eele usmjeriti pilot-akciju. To mogu biti socioekonomski ili politi\u010dki izazovi, posebni gospodarski sektori i\/ili podru\u010dja ili instrumenti politika. Aktivnosti u okviru pilot-akcije bit \u0107e prilago\u0111ene podru\u010djima od najve\u0107eg interesa za svakog sudionika.<\/p>\n<p>Rok za prijavu je\u00a0<strong>25. travnja 2022. godine<\/strong>.<\/p>\n<p>Vi\u0161e informacija i uputu o tome kako se prijaviti mo\u017eete prona\u0107i\u00a0<a href=\"https:\/\/cor.europa.eu\/en\/our-work\/Documents\/SEDEC\/22%2003%2015%20D150%20Letter%20fm%20CoR%20President_SEDEC%20Chair%20%281%29.pdf\" target=\"_blank\" rel=\"noopener\"><strong>ovdje<\/strong><\/a>.<\/p>\n<p>Odabrani teritoriji bit \u0107e objavljeni u svibnju, a slu\u017ebeni doga\u0111aj lansiranja zakazan je za 17. svibnja 2022. godine.<\/p>","protected":false},"excerpt":{"rendered":"<p>Europski odbor regija i Zajedni\u010dki istra\u017eiva\u010dki centar Europske komisije (JRC) pokrenuli su\u00a0poziv za iskazivanje interesa za novu pilot-akciju o partnerstvima za regionalne inovacije. U pilot-akciji sudjelovat \u0107e do\u00a024 europska sudionika\u00a0(dr\u017eave \u010dlanice, regije ili skupine regija) koje se osje\u0107aju potaknutima na preobrazbu svojih gospodarstava i dru\u0161tava i koje su spremne dodatno razviti vlastiti strate\u0161ki politi\u010dki okvir [&hellip;]<\/p>","protected":false},"author":2,"featured_media":7635,"comment_status":"closed","ping_status":"closed","sticky":false,"template":"","format":"standard","meta":{"_et_pb_use_builder":"","_et_pb_old_content":"","_et_gb_content_width":"","footnotes":""},"categories":[4],"tags":[],"class_list":["post-7634","post","type-post","status-publish","format-standard","has-post-thumbnail","hentry","category-vijesti"],"_links":{"self":[{"href":"https:\/\/www.ra-vsz.hr\/en\/wp-json\/wp\/v2\/posts\/7634","targetHints":{"allow":["GET"]}}],"collection":[{"href":"https:\/\/www.ra-vsz.hr\/en\/wp-json\/wp\/v2\/posts"}],"about":[{"href":"https:\/\/www.ra-vsz.hr\/en\/wp-json\/wp\/v2\/types\/post"}],"author":[{"embeddable":true,"href":"https:\/\/www.ra-vsz.hr\/en\/wp-json\/wp\/v2\/users\/2"}],"replies":[{"embeddable":true,"href":"https:\/\/www.ra-vsz.hr\/en\/wp-json\/wp\/v2\/comments?post=7634"}],"version-history":[{"count":1,"href":"https:\/\/www.ra-vsz.hr\/en\/wp-json\/wp\/v2\/posts\/7634\/revisions"}],"predecessor-version":[{"id":11020,"href":"https:\/\/www.ra-vsz.hr\/en\/wp-json\/wp\/v2\/posts\/7634\/revisions\/11020"}],"wp:featuredmedia":[{"embeddable":true,"href":"https:\/\/www.ra-vsz.hr\/en\/wp-json\/"}],"wp:attachment":[{"href":"https:\/\/www.ra-vsz.hr\/en\/wp-json\/wp\/v2\/media?parent=7634"}],"wp:term":[{"taxonomy":"category","embeddable":true,"href":"https:\/\/www.ra-vsz.hr\/en\/wp-json\/wp\/v2\/categories?post=7634"},{"taxonomy":"post_tag","embeddable":true,"href":"https:\/\/www.ra-vsz.hr\/en\/wp-json\/wp\/v2\/tags?post=7634"}],"curies":[{"name":"wp","href":"https:\/\/api.w.org\/{rel}","templated":true}]}}