{"id":7629,"date":"2022-03-29T22:43:28","date_gmt":"2022-03-29T20:43:28","guid":{"rendered":"https:\/\/www.ra-vsz.hr\/?p=7629"},"modified":"2023-02-12T16:54:57","modified_gmt":"2023-02-12T16:54:57","slug":"objavljen-javni-poziv-za-poticanje-stvaralastva-vizualnih-umjetnika-u-2022-godini","status":"publish","type":"post","link":"https:\/\/www.ra-vsz.hr\/en\/objavljen-javni-poziv-za-poticanje-stvaralastva-vizualnih-umjetnika-u-2022-godini\/","title":{"rendered":"Objavljen Javni poziv za poticanje stvarala\u0161tva vizualnih umjetnika u 2022. godini"},"content":{"rendered":"<h3><span style=\"font-size: 12pt;\">Ministarstvo kulture i medija i u 2022. godini nastavlja s komplementarnim modelima potpora primarno usmjerenima prema samostalnim umjetnicima i neovisnim profesionalcima, ali i drugim dionicima u podru\u010dju kulture.<\/span><\/h3>\n<p>Javnim pozivom za poticanje stvarala\u0161tva vizualnih umjetnika u 2022. godini dodjeljivat \u0107e se potpore za umjetni\u010dko istra\u017eivanje i edukaciju umjetnika, realizaciju novih radova, prezentaciju rada te poticaji za autorski rad na samostalnoj izlo\u017ebi.<\/p>\n<p>Putem trajnom dijaloga s klasterom strukovnih udruga koje djeluju u podru\u010dju vizualnih umjetnosti Ministarstvo nastoji identificirati potrebe vizualnih umjetnika te kontinuirano poticati njihov rad i stvarala\u0161tvo u okolnostima pandemije bolesti COVID-19 kao i posljedicama dvaju sna\u017enih potresa koje su uvjetovale smanjenu mobilnost umjetnika te su znatno ote\u017eale ili onemogu\u0107ile njihov rad u prethodnim godinama.<\/p>\n<p>Od prvog natje\u010daja objavljenog u lipnju 2018. godine, kojim je prepoznata potreba za dodatnim poticajem razvoju vizualnog stvarala\u0161tva, javnim su pozivima za poticanje stvarala\u0161tva vizualnih umjetnika dosada, uklju\u010duju\u0107i 2021. godinu, dodijeljene 353 potpore u ukupnom iznosu od 5.975.275,00 kuna. U skladu s godi\u0161njim pra\u0107enjem i evaluacijom programa, mehanizmi potpore sa svakim se sljede\u0107im natje\u010dajem dodatno razvijaju i unaprje\u0111uju prate\u0107i nove pojave u suvremenom vizualnom stvarala\u0161tvu kako bi se identificirale potrebe i podru\u010dja koja je potrebno dodatno stimulirati.<\/p>\n<p>Rok za prijavu je 29. travnja 2022. godine.<\/p>\n<p>Vi\u0161e informacija mo\u017eete prona\u0107i na <a href=\"https:\/\/min-kulture.gov.hr\/vijesti-8\/objavljen-javni-poziv-za-poticanje-stvaralastva-vizualnih-umjetnika-u-2022-godini\/22116\" target=\"_blank\" rel=\"noopener\">poveznici<\/a>.<\/p>","protected":false},"excerpt":{"rendered":"<p>Ministarstvo kulture i medija i u 2022. godini nastavlja s komplementarnim modelima potpora primarno usmjerenima prema samostalnim umjetnicima i neovisnim profesionalcima, ali i drugim dionicima u podru\u010dju kulture. Javnim pozivom za poticanje stvarala\u0161tva vizualnih umjetnika u 2022. godini dodjeljivat \u0107e se potpore za umjetni\u010dko istra\u017eivanje i edukaciju umjetnika, realizaciju novih radova, prezentaciju rada te poticaji [&hellip;]<\/p>","protected":false},"author":2,"featured_media":7630,"comment_status":"closed","ping_status":"closed","sticky":false,"template":"","format":"standard","meta":{"_et_pb_use_builder":"","_et_pb_old_content":"","_et_gb_content_width":"","footnotes":""},"categories":[4],"tags":[],"class_list":["post-7629","post","type-post","status-publish","format-standard","has-post-thumbnail","hentry","category-vijesti"],"_links":{"self":[{"href":"https:\/\/www.ra-vsz.hr\/en\/wp-json\/wp\/v2\/posts\/7629","targetHints":{"allow":["GET"]}}],"collection":[{"href":"https:\/\/www.ra-vsz.hr\/en\/wp-json\/wp\/v2\/posts"}],"about":[{"href":"https:\/\/www.ra-vsz.hr\/en\/wp-json\/wp\/v2\/types\/post"}],"author":[{"embeddable":true,"href":"https:\/\/www.ra-vsz.hr\/en\/wp-json\/wp\/v2\/users\/2"}],"replies":[{"embeddable":true,"href":"https:\/\/www.ra-vsz.hr\/en\/wp-json\/wp\/v2\/comments?post=7629"}],"version-history":[{"count":1,"href":"https:\/\/www.ra-vsz.hr\/en\/wp-json\/wp\/v2\/posts\/7629\/revisions"}],"predecessor-version":[{"id":11019,"href":"https:\/\/www.ra-vsz.hr\/en\/wp-json\/wp\/v2\/posts\/7629\/revisions\/11019"}],"wp:featuredmedia":[{"embeddable":true,"href":"https:\/\/www.ra-vsz.hr\/en\/wp-json\/"}],"wp:attachment":[{"href":"https:\/\/www.ra-vsz.hr\/en\/wp-json\/wp\/v2\/media?parent=7629"}],"wp:term":[{"taxonomy":"category","embeddable":true,"href":"https:\/\/www.ra-vsz.hr\/en\/wp-json\/wp\/v2\/categories?post=7629"},{"taxonomy":"post_tag","embeddable":true,"href":"https:\/\/www.ra-vsz.hr\/en\/wp-json\/wp\/v2\/tags?post=7629"}],"curies":[{"name":"wp","href":"https:\/\/api.w.org\/{rel}","templated":true}]}}