{"id":7624,"date":"2022-03-29T12:37:54","date_gmt":"2022-03-29T10:37:54","guid":{"rendered":"https:\/\/www.ra-vsz.hr\/?p=7624"},"modified":"2023-02-12T16:54:34","modified_gmt":"2023-02-12T16:54:34","slug":"drzava-od-1-travnja-dodjeljuje-vaucere-u-vrijednosti-od-10-000-kuna","status":"publish","type":"post","link":"https:\/\/www.ra-vsz.hr\/en\/drzava-od-1-travnja-dodjeljuje-vaucere-u-vrijednosti-od-10-000-kuna\/","title":{"rendered":"Dr\u017eava od 1.travnja dodjeljuje vau\u010dere u vrijednosti od 10 000 kuna"},"content":{"rendered":"<p>Hrvatski zavod za zapo\u0161ljavanje \u0107e u suradnji sa Ministarstvom rada, mirovinskog sustava, obitelji i socijalne politike dodjeljivati vau\u010dere u vrijednosti od 10.000 kuna za zaposlene i nezaposlene osobe koji \u0107e se mo\u0107i iskoristiti za obrazovanje u podru\u010dju stjecanje zelenih i digitalnih vje\u0161tina.<\/p>\n<p>Koji \u0107e se konkretni programi mo\u0107i odabrati znat \u0107e se od 1. travnja kada \u0107e njihov popis biti objavljen na stranicama Zavoda.<\/p>\n<p>To\u010dan iznos vau\u010dera koji \u0107e osoba dobiti odredit \u0107e se ovisno o sektoru, odnosno podru\u010dju, trajanju i slo\u017eenosti odabranog programa obrazovanja. Bude li tro\u0161ak programa ve\u0107i od iznosa dobivenog vau\u010derom, razliku do punog iznosa snosit \u0107e korisnik ili poslodavac, ako je korisnik u radnom odnosu.<\/p>\n<p>Odobreni vau\u010der mo\u0107i \u0107e se aktivirati u roku od \u0161est mjeseci od datuma odobrenja i koristiti u akreditiranim ustanovama za obrazovanje odraslih.<\/p>\n<p>Da bi osoba mogla koristiti vau\u010der, mora imati navr\u0161enih 15 godina \u017eivota i zavr\u0161iti najmanje osnovno obrazovanje.\u00a0 Uvjeti za dodjelu vau\u010dera su jednaki neovisno o tome je li podnositelj zahtjeva nezaposlen ili zaposlen u privatnom, javnom ili dr\u017eavnom sektoru, navode iz Zavoda za zapo\u0161ljavanje, no vau\u010dere ne\u0107e mo\u0107i dobiti osobe u sustavu redovitog odgoja i obrazovanja, sustavu visokog obrazovanja i znanosti te umirovljenici.<\/p>\n<p>Vi\u0161e informacija o samoj prijavi, vrsti edukacija i uvjetima dodjele vau\u010dera mo\u017eete provjeriti na stranicama Zavoda od 1.travnja.<\/p>","protected":false},"excerpt":{"rendered":"<p>Hrvatski zavod za zapo\u0161ljavanje \u0107e u suradnji sa Ministarstvom rada, mirovinskog sustava, obitelji i socijalne politike dodjeljivati vau\u010dere u vrijednosti od 10.000 kuna za zaposlene i nezaposlene osobe koji \u0107e se mo\u0107i iskoristiti za obrazovanje u podru\u010dju stjecanje zelenih i digitalnih vje\u0161tina. Koji \u0107e se konkretni programi mo\u0107i odabrati znat \u0107e se od 1. travnja [&hellip;]<\/p>","protected":false},"author":2,"featured_media":7625,"comment_status":"closed","ping_status":"closed","sticky":false,"template":"","format":"standard","meta":{"_et_pb_use_builder":"","_et_pb_old_content":"","_et_gb_content_width":"","footnotes":""},"categories":[4],"tags":[],"class_list":["post-7624","post","type-post","status-publish","format-standard","has-post-thumbnail","hentry","category-vijesti"],"_links":{"self":[{"href":"https:\/\/www.ra-vsz.hr\/en\/wp-json\/wp\/v2\/posts\/7624","targetHints":{"allow":["GET"]}}],"collection":[{"href":"https:\/\/www.ra-vsz.hr\/en\/wp-json\/wp\/v2\/posts"}],"about":[{"href":"https:\/\/www.ra-vsz.hr\/en\/wp-json\/wp\/v2\/types\/post"}],"author":[{"embeddable":true,"href":"https:\/\/www.ra-vsz.hr\/en\/wp-json\/wp\/v2\/users\/2"}],"replies":[{"embeddable":true,"href":"https:\/\/www.ra-vsz.hr\/en\/wp-json\/wp\/v2\/comments?post=7624"}],"version-history":[{"count":1,"href":"https:\/\/www.ra-vsz.hr\/en\/wp-json\/wp\/v2\/posts\/7624\/revisions"}],"predecessor-version":[{"id":11018,"href":"https:\/\/www.ra-vsz.hr\/en\/wp-json\/wp\/v2\/posts\/7624\/revisions\/11018"}],"wp:featuredmedia":[{"embeddable":true,"href":"https:\/\/www.ra-vsz.hr\/en\/wp-json\/"}],"wp:attachment":[{"href":"https:\/\/www.ra-vsz.hr\/en\/wp-json\/wp\/v2\/media?parent=7624"}],"wp:term":[{"taxonomy":"category","embeddable":true,"href":"https:\/\/www.ra-vsz.hr\/en\/wp-json\/wp\/v2\/categories?post=7624"},{"taxonomy":"post_tag","embeddable":true,"href":"https:\/\/www.ra-vsz.hr\/en\/wp-json\/wp\/v2\/tags?post=7624"}],"curies":[{"name":"wp","href":"https:\/\/api.w.org\/{rel}","templated":true}]}}