{"id":7583,"date":"2022-03-24T11:44:30","date_gmt":"2022-03-24T09:44:30","guid":{"rendered":"https:\/\/www.ra-vsz.hr\/?p=7583"},"modified":"2023-01-30T19:38:52","modified_gmt":"2023-01-30T19:38:52","slug":"natjecaj-najljepsi-skolski-vrtovi-2022","status":"publish","type":"post","link":"https:\/\/www.ra-vsz.hr\/en\/natjecaj-najljepsi-skolski-vrtovi-2022\/","title":{"rendered":"Natje\u010daj \u201eNajljep\u0161i \u0161kolski vrtovi 2022.\u201c"},"content":{"rendered":"<p>Hrvatska radiotelevizija i Ministarstvo znanosti i obrazovanja pozivaju sve vrti\u0107e, osnovne i srednje \u0161kole te srodne odgojno-obrazovne ustanove za djecu i mlade\u017e u Hrvatskoj da se jave na natje\u010daj<\/p>\n<p>\u201eNAJLJEP\u0160I \u0160KOLSKI VRTOVI 2022.&#8221;<\/p>\n<p>Ustanove koje se \u017eele prijaviti na natje\u010daj trebaju, uz ispunjen upitnik, poslati tri fotografije \u0161kolskog vrta te njegov opis. Rok za prijavu je 22. travnja 2022.<\/p>\n<p>Na temelju pristiglih prijava prosudbeno povjerenstvo odabire \u0161kolske vrtove koje \u0107e posjetiti od travnja do listopada teku\u0107e godine.<\/p>\n<p>Nakon obilaska povjerenstvo odlu\u010duje o vrtovima te na zavr\u0161noj sve\u010danosti potkraj studenoga dodjeljuje niz nagrada i priznanja najljep\u0161im \u0161kolskim vrtovima u Republici Hrvatskoj u sljede\u0107im kategorijama:<\/p>\n<ol>\n<li>Zlatna povelja Hrvatske radiotelevizije za najljep\u0161i \u0161kolski vrt u RH<\/li>\n<li>Najljep\u0161i vrti\u0107 u RH<\/li>\n<li>Najljep\u0161a u\u010dionica na otvorenom (nagrada Ministarstva znanosti i obrazovanja)<\/li>\n<li>Zelena povelja Fonda za za\u0161titu okoli\u0161a i energetsku u\u010dinkovitost<\/li>\n<li>Nagrada za tradicijski uzgoj (dodjeljuje Ministarstvo poljoprivrede)<\/li>\n<li>Najljep\u0161a podru\u010dna \u0161kola u RH<\/li>\n<li>Nagrada za kontinuitet<\/li>\n<\/ol>\n<p>Vi\u0161e informacija na sljede\u0107oj <a href=\"https:\/\/mzo.gov.hr\/istaknute-teme\/natjecaji-196\/natjecaj-najljepsi-skolski-vrtovi-2022\/4844\" target=\"_blank\" rel=\"noopener\">poveznici.<\/a><\/p>","protected":false},"excerpt":{"rendered":"<p>Hrvatska radiotelevizija i Ministarstvo znanosti i obrazovanja pozivaju sve vrti\u0107e, osnovne i srednje \u0161kole te srodne odgojno-obrazovne ustanove za djecu i mlade\u017e u Hrvatskoj da se jave na natje\u010daj \u201eNAJLJEP\u0160I \u0160KOLSKI VRTOVI 2022.&#8221; Ustanove koje se \u017eele prijaviti na natje\u010daj trebaju, uz ispunjen upitnik, poslati tri fotografije \u0161kolskog vrta te njegov opis. Rok za prijavu [&hellip;]<\/p>","protected":false},"author":2,"featured_media":7584,"comment_status":"closed","ping_status":"closed","sticky":false,"template":"","format":"standard","meta":{"_et_pb_use_builder":"","_et_pb_old_content":"","_et_gb_content_width":"","footnotes":""},"categories":[4],"tags":[],"class_list":["post-7583","post","type-post","status-publish","format-standard","has-post-thumbnail","hentry","category-vijesti"],"_links":{"self":[{"href":"https:\/\/www.ra-vsz.hr\/en\/wp-json\/wp\/v2\/posts\/7583","targetHints":{"allow":["GET"]}}],"collection":[{"href":"https:\/\/www.ra-vsz.hr\/en\/wp-json\/wp\/v2\/posts"}],"about":[{"href":"https:\/\/www.ra-vsz.hr\/en\/wp-json\/wp\/v2\/types\/post"}],"author":[{"embeddable":true,"href":"https:\/\/www.ra-vsz.hr\/en\/wp-json\/wp\/v2\/users\/2"}],"replies":[{"embeddable":true,"href":"https:\/\/www.ra-vsz.hr\/en\/wp-json\/wp\/v2\/comments?post=7583"}],"version-history":[{"count":1,"href":"https:\/\/www.ra-vsz.hr\/en\/wp-json\/wp\/v2\/posts\/7583\/revisions"}],"predecessor-version":[{"id":10957,"href":"https:\/\/www.ra-vsz.hr\/en\/wp-json\/wp\/v2\/posts\/7583\/revisions\/10957"}],"wp:featuredmedia":[{"embeddable":true,"href":"https:\/\/www.ra-vsz.hr\/en\/wp-json\/"}],"wp:attachment":[{"href":"https:\/\/www.ra-vsz.hr\/en\/wp-json\/wp\/v2\/media?parent=7583"}],"wp:term":[{"taxonomy":"category","embeddable":true,"href":"https:\/\/www.ra-vsz.hr\/en\/wp-json\/wp\/v2\/categories?post=7583"},{"taxonomy":"post_tag","embeddable":true,"href":"https:\/\/www.ra-vsz.hr\/en\/wp-json\/wp\/v2\/tags?post=7583"}],"curies":[{"name":"wp","href":"https:\/\/api.w.org\/{rel}","templated":true}]}}