{"id":7575,"date":"2022-03-21T10:28:14","date_gmt":"2022-03-21T08:28:14","guid":{"rendered":"https:\/\/www.ra-vsz.hr\/?p=7575"},"modified":"2023-01-30T19:38:31","modified_gmt":"2023-01-30T19:38:31","slug":"poziv-na-info-radionicu","status":"publish","type":"post","link":"https:\/\/www.ra-vsz.hr\/en\/poziv-na-info-radionicu\/","title":{"rendered":"Poziv na info radionicu"},"content":{"rendered":"<p>S ciljem poticanja teritorijalno usmjerenih ulaganja za podr\u0161ku diversifikaciji i modernizaciji regionalnih gospodarstava, u okviru nove financijske perspektive Europske unije 2021. \u2013 2027. Ministarstvo regionalnoga razvoja i fondova Europske unije pokrenulo je proces industrijske tranzicije Panonske Hrvatske.<\/p>\n<p>Proces industrijske tranzicije zapo\u010deo je s izradom planova za industrijsku tranziciju kojima su se odredile prioritetne ni\u0161e, definirali regionalni lanci vrijednosti te smjerovi promjena i provedbeni mehanizmi za podr\u0161ku tranziciji prema ni\u0161ama vi\u0161e dodane vrijednosti.<\/p>\n<p>Nakon dono\u0161enja planova za industrijsku tranziciju, Ministarstvo regionalnoga razvoja i fondova Europske unije, pristupa mapiranju dionika regionalnih lanaca vrijednosti raspisuju\u0107i javne pozive za iskaz interesa za sudjelovanje u regionalnim lancima vrijednosti.<\/p>\n<p>U cilju pru\u017eanja detaljnijih informacija o Javnom pozivu za iskaz interesa za sudjelovanjem u regionalnim lancima vrijednosti Panonske Hrvatske, <strong>Razvojna agencija Vukovarsko-srijemske \u017eupanije organizira info radionicu koja \u0107e se odr\u017eati 24. o\u017eujka 2022. godine u 12:00 sati u prostorijama Razvojne agencije Vukovarsko-srijemske \u017eupanije na adresi Antuna Ak\u0161amovi\u0107a 31, 32 100 Vinkovci<\/strong>.<\/p>\n<p>Na radionicu se mo\u017eete prijaviti slanjem maila s kontakt podacima na adresu <a href=\"mailto:uprava@ra-vsz.hr\">uprava@ra-vsz.hr<\/a> najkasnije do utorka, 22. o\u017eujka 2022. godine do 14:00 sati.<\/p>\n<p>Uklju\u010dite se na vrijeme i postanite su-kreator politika za industrijsku tranziciju Panonske Hrvatske i pripremite se na vrijeme za mogu\u0107nosti koje pru\u017eaju fondovi Europske unije u razdoblju 2021. \u2013 2027. godine!<\/p>","protected":false},"excerpt":{"rendered":"<p>S ciljem poticanja teritorijalno usmjerenih ulaganja za podr\u0161ku diversifikaciji i modernizaciji regionalnih gospodarstava, u okviru nove financijske perspektive Europske unije 2021. \u2013 2027. Ministarstvo regionalnoga razvoja i fondova Europske unije pokrenulo je proces industrijske tranzicije Panonske Hrvatske. Proces industrijske tranzicije zapo\u010deo je s izradom planova za industrijsku tranziciju kojima su se odredile prioritetne ni\u0161e, definirali [&hellip;]<\/p>","protected":false},"author":2,"featured_media":7576,"comment_status":"closed","ping_status":"closed","sticky":false,"template":"","format":"standard","meta":{"_et_pb_use_builder":"","_et_pb_old_content":"","_et_gb_content_width":"","footnotes":""},"categories":[4],"tags":[],"class_list":["post-7575","post","type-post","status-publish","format-standard","has-post-thumbnail","hentry","category-vijesti"],"_links":{"self":[{"href":"https:\/\/www.ra-vsz.hr\/en\/wp-json\/wp\/v2\/posts\/7575","targetHints":{"allow":["GET"]}}],"collection":[{"href":"https:\/\/www.ra-vsz.hr\/en\/wp-json\/wp\/v2\/posts"}],"about":[{"href":"https:\/\/www.ra-vsz.hr\/en\/wp-json\/wp\/v2\/types\/post"}],"author":[{"embeddable":true,"href":"https:\/\/www.ra-vsz.hr\/en\/wp-json\/wp\/v2\/users\/2"}],"replies":[{"embeddable":true,"href":"https:\/\/www.ra-vsz.hr\/en\/wp-json\/wp\/v2\/comments?post=7575"}],"version-history":[{"count":1,"href":"https:\/\/www.ra-vsz.hr\/en\/wp-json\/wp\/v2\/posts\/7575\/revisions"}],"predecessor-version":[{"id":10954,"href":"https:\/\/www.ra-vsz.hr\/en\/wp-json\/wp\/v2\/posts\/7575\/revisions\/10954"}],"wp:featuredmedia":[{"embeddable":true,"href":"https:\/\/www.ra-vsz.hr\/en\/wp-json\/"}],"wp:attachment":[{"href":"https:\/\/www.ra-vsz.hr\/en\/wp-json\/wp\/v2\/media?parent=7575"}],"wp:term":[{"taxonomy":"category","embeddable":true,"href":"https:\/\/www.ra-vsz.hr\/en\/wp-json\/wp\/v2\/categories?post=7575"},{"taxonomy":"post_tag","embeddable":true,"href":"https:\/\/www.ra-vsz.hr\/en\/wp-json\/wp\/v2\/tags?post=7575"}],"curies":[{"name":"wp","href":"https:\/\/api.w.org\/{rel}","templated":true}]}}