{"id":7534,"date":"2022-03-17T15:44:30","date_gmt":"2022-03-17T13:44:30","guid":{"rendered":"https:\/\/www.ra-vsz.hr\/?p=7534"},"modified":"2023-01-30T19:37:34","modified_gmt":"2023-01-30T19:37:34","slug":"kulturna-bastina-na-djelu-otvoren-poziv-na-dobru-praksu-i-prijava-za-posjet-vrsnjackom-ucenju-u-leedsu","status":"publish","type":"post","link":"https:\/\/www.ra-vsz.hr\/en\/kulturna-bastina-na-djelu-otvoren-poziv-na-dobru-praksu-i-prijava-za-posjet-vrsnjackom-ucenju-u-leedsu\/","title":{"rendered":"Kulturna ba\u0161tina na djelu \u2013 Otvoren Poziv na dobru praksu i prijava za posjet vr\u0161nja\u010dkom u\u010denju u Leedsu"},"content":{"rendered":"<p>Program vr\u0161nja\u010dkog u\u010denja <a href=\"https:\/\/errin.eu\/projects\/cultural-heritage-action\" target=\"_blank\" rel=\"noopener\"><strong>Kulturna ba\u0161tina na djelu<\/strong><\/a>\u00a0sada nudi mogu\u0107nosti regionalnim i lokalnim javnim upravama i njihovim predstavnicima da sudjeluju u\u00a0<strong>Pozivu na dobru praksu<\/strong>\u00a0i\u00a0<strong>prijave\u00a0<\/strong>se za sudjelovanje<strong>\u00a0<\/strong>u\u00a0<strong>posjetu vr\u0161nja\u010dkom u\u010denju u Leedsu.<\/strong><\/p>\n<p><a href=\"https:\/\/culturalheritageinaction.eu\/event\/open-call-for-good-practices\/\" target=\"_blank\" rel=\"noopener\">Cilj\u00a0<strong>Poziva na dobru praksu<\/strong><\/a><strong>\u00a0<\/strong>je<strong>\u00a0<\/strong>prikupiti inovativne i inspirativne prakse o temama:<\/p>\n<ul>\n<li>oporavak i otpornost kroz kulturnu ba\u0161tinu u svijetu nakon pandemije<\/li>\n<li>kulturna ba\u0161tina za lokalni odr\u017eivi razvoj<\/li>\n<li>upravljanje i financiranje: nove uloge lokalnih i regionalnih vlasti.<\/li>\n<\/ul>\n<p>Predstavnici regija, gradova i ruralnih podru\u010dja u EU-u i u Ujedinjenoj Kraljevini pozivaju se na sudjelovanje u pozivu kako bi istaknuli rad svojih javnih uprava na kulturnoj ba\u0161tini.<\/p>\n<p>Za objavljivanje i promicanje u okviru programa\u00a0<a href=\"https:\/\/errin.eu\/projects\/cultural-heritage-action\" target=\"_blank\" rel=\"noopener\"><strong>Kulturna ba\u0161tina na djelu<\/strong><\/a>\u00a0diljem Europe i \u0161ire odabrat \u0107e se oko 30 najboljih praksi. Prakse \u0107e biti odabrane zbog svoje strate\u0161ke vizije, odnosa sa strate\u0161kim dokumentima, u\u010dinaka i rezultata EU-a, potencijala za replikaciju i tematske ravnote\u017ee.<\/p>\n<p>Poziv je otvoren za podno\u0161enje prijava do\u00a0<strong>30. travnja 2022<\/strong>. godine.<\/p>\n<p><a href=\"https:\/\/culturalheritageinaction.eu\/event\/open-call-for-good-practices\/\" target=\"_blank\" rel=\"noopener\">Poziv<\/a><\/p>\n<p><a href=\"https:\/\/culturalheritageinaction.eu\/event\/peer-learning-visit-in-leeds\/\" target=\"_blank\" rel=\"noopener\"><strong>Posjet vr\u0161nja\u010dkom u\u010denju u Leedsu<\/strong><\/a>\u00a0planira se odr\u017eati u svibnju 2022. Svi koji rade na kulturi i kulturnoj ba\u0161tini za regionalnu, gradsku ili ruralnu upravu iz EU-a i Ujedinjene Kraljevine mogu podnijeti zahtjev za sudjelovanje u posjetu do\u00a0<strong>25. o\u017eujka 2022<\/strong>. Ostali prihvatljivi sudionici uklju\u010duju predstavnike organizacija civilnog dru\u0161tva, kulturnih inicijativa ili projekata te nacionalne uprave zadu\u017eene za kulturu i kulturnu ba\u0161tinu.<\/p>\n<p>Posjet Leedsu bit \u0107e posve\u0107en temi oporavka i otpornosti kroz kulturnu ba\u0161tinu u svijetu nakon pandemije. Sudionici \u0107e imati priliku saznati kako su muzeji i galerije Leedsa inovativno iskoristile digitalne medije za odr\u017eavanje i razvoj kontakata sa zajednicama, \u0161kolama i publikom na dru\u0161tvenim mre\u017eama tijekom pandemije. Tako\u0111er biti \u0107e prikazano kako je to pru\u017eilo temelje za noviji rad na podupiranju oporavka.<\/p>\n<p>Saznajte vi\u0161e o\u00a0<strong>posjetu vr\u0161nja\u010dkom u\u010denju u Leedsu<\/strong>, pravila za prijavu i obrazac za prijavu\u00a0prona\u0111ite<strong>\u00a0<\/strong><a href=\"https:\/\/culturalheritageinaction.eu\/event\/peer-learning-visit-in-leeds\/\" target=\"_blank\" rel=\"noopener\"><strong>ovdje<\/strong><\/a><strong>.\u00a0<\/strong><\/p>","protected":false},"excerpt":{"rendered":"<p>Program vr\u0161nja\u010dkog u\u010denja Kulturna ba\u0161tina na djelu\u00a0sada nudi mogu\u0107nosti regionalnim i lokalnim javnim upravama i njihovim predstavnicima da sudjeluju u\u00a0Pozivu na dobru praksu\u00a0i\u00a0prijave\u00a0se za sudjelovanje\u00a0u\u00a0posjetu vr\u0161nja\u010dkom u\u010denju u Leedsu. Cilj\u00a0Poziva na dobru praksu\u00a0je\u00a0prikupiti inovativne i inspirativne prakse o temama: oporavak i otpornost kroz kulturnu ba\u0161tinu u svijetu nakon pandemije kulturna ba\u0161tina za lokalni odr\u017eivi razvoj [&hellip;]<\/p>","protected":false},"author":2,"featured_media":7535,"comment_status":"closed","ping_status":"closed","sticky":false,"template":"","format":"standard","meta":{"_et_pb_use_builder":"","_et_pb_old_content":"","_et_gb_content_width":"","footnotes":""},"categories":[4],"tags":[],"class_list":["post-7534","post","type-post","status-publish","format-standard","has-post-thumbnail","hentry","category-vijesti"],"_links":{"self":[{"href":"https:\/\/www.ra-vsz.hr\/en\/wp-json\/wp\/v2\/posts\/7534","targetHints":{"allow":["GET"]}}],"collection":[{"href":"https:\/\/www.ra-vsz.hr\/en\/wp-json\/wp\/v2\/posts"}],"about":[{"href":"https:\/\/www.ra-vsz.hr\/en\/wp-json\/wp\/v2\/types\/post"}],"author":[{"embeddable":true,"href":"https:\/\/www.ra-vsz.hr\/en\/wp-json\/wp\/v2\/users\/2"}],"replies":[{"embeddable":true,"href":"https:\/\/www.ra-vsz.hr\/en\/wp-json\/wp\/v2\/comments?post=7534"}],"version-history":[{"count":1,"href":"https:\/\/www.ra-vsz.hr\/en\/wp-json\/wp\/v2\/posts\/7534\/revisions"}],"predecessor-version":[{"id":10949,"href":"https:\/\/www.ra-vsz.hr\/en\/wp-json\/wp\/v2\/posts\/7534\/revisions\/10949"}],"wp:featuredmedia":[{"embeddable":true,"href":"https:\/\/www.ra-vsz.hr\/en\/wp-json\/"}],"wp:attachment":[{"href":"https:\/\/www.ra-vsz.hr\/en\/wp-json\/wp\/v2\/media?parent=7534"}],"wp:term":[{"taxonomy":"category","embeddable":true,"href":"https:\/\/www.ra-vsz.hr\/en\/wp-json\/wp\/v2\/categories?post=7534"},{"taxonomy":"post_tag","embeddable":true,"href":"https:\/\/www.ra-vsz.hr\/en\/wp-json\/wp\/v2\/tags?post=7534"}],"curies":[{"name":"wp","href":"https:\/\/api.w.org\/{rel}","templated":true}]}}